{"id":9839,"date":"2021-10-08T15:32:39","date_gmt":"2021-10-08T18:32:39","guid":{"rendered":"http:\/\/diariopolitico.com.br\/?p=9839"},"modified":"2021-10-08T15:40:09","modified_gmt":"2021-10-08T18:40:09","slug":"o-paradoxo-da-esposa-do-prefeito-ser-candidata","status":"publish","type":"post","link":"https:\/\/diariopolitico.com.br\/arquivo\/?p=9839","title":{"rendered":"O paradoxo da esposa do Prefeito ser candidata"},"content":{"rendered":"<p>Na noite de 15 de novembro de 2020 o ent\u00e3o Deputado Estadual Allyson Bezerra (SD) foi eleito Prefeito de Mossor\u00f3 com\u00a065.297 votos v\u00e1lidos, que representaram 47,52% dos votos v\u00e1lidos na cidade. A partir deste momento o &#8220;menino pobrezinho&#8221;, alcunha trabalhada na campanha eleitoral, tornou-se o principal agente da pol\u00edtica mossoroense para as elei\u00e7\u00f5es de 2022.<\/p>\n<p>O paradoxo de Allyson diante do pleito que se aproxima passa por apoiar sua esposa como candidata a Deputada Estadual e dar discurso para a oposi\u00e7\u00e3o que busca seu desgaste ou apoiar um nome &#8220;de sua confian\u00e7a&#8221;, mas que com tal conquista eleitoral possa usar tal empoderamento pol\u00edtico com autonomia, podendo transformar-se num advers\u00e1rio forte na elei\u00e7\u00e3o seguinte.<\/p>\n<p>\u00c9 observado que cada passo dado &#8211; nas estrat\u00e9gias pol\u00edticas do Prefeito &#8211; \u00e9 com crit\u00e9rios analisados de v\u00e1rios \u00e2ngulos. Tudo isso para que a positividade de sua imagem n\u00e3o se perca, nem seja entregue a qualquer um.<\/p>\n<p>Sobre as elei\u00e7\u00f5es do pr\u00f3ximo ano a pergunta paradoxal seria: qual decis\u00e3o me faz mais forte politicamente ampliando as bases e com menos desgaste hoje e no futuro?<\/p>\n<p>Por meio de entrevistas Allyson tem reafirmado sua posi\u00e7\u00e3o de n\u00e3o lan\u00e7ar a candidatura de sua esposa e o apadrinhamento est\u00e1 confirmado, por enquanto, apenas para Deputado Federal com Lawrence Amorim (SD). N\u00e3o existe ainda, apesar de alguns buscarem, a confirma\u00e7\u00e3o de apoio para Estadual.<\/p>\n<p>Surpresas poder\u00e3o surgir? Talvez at\u00e9 mesmo um nome fora do radar da imprensa?<\/p>\n<figure id=\"attachment_9842\" aria-describedby=\"caption-attachment-9842\" style=\"width: 500px\" class=\"wp-caption aligncenter\"><img loading=\"lazy\" decoding=\"async\" class=\"wp-image-9842 size-full\" src=\"http:\/\/diariopolitico.com.br\/wp-content\/uploads\/2021\/10\/shutterstock_282122681-1.jpg\" alt=\"\" width=\"500\" height=\"500\" srcset=\"https:\/\/diariopolitico.com.br\/arquivo\/wp-content\/uploads\/2021\/10\/shutterstock_282122681-1.jpg 500w, https:\/\/diariopolitico.com.br\/arquivo\/wp-content\/uploads\/2021\/10\/shutterstock_282122681-1-150x150.jpg 150w, https:\/\/diariopolitico.com.br\/arquivo\/wp-content\/uploads\/2021\/10\/shutterstock_282122681-1-300x300.jpg 300w, https:\/\/diariopolitico.com.br\/arquivo\/wp-content\/uploads\/2021\/10\/shutterstock_282122681-1-50x50.jpg 50w\" sizes=\"auto, (max-width: 500px) 100vw, 500px\" \/><figcaption id=\"caption-attachment-9842\" class=\"wp-caption-text\">Paradoxos s\u00e3o express\u00f5es num\u00e9ricas ou verbais com uma contradi\u00e7\u00e3o interna &#8211; verdadeiras charadas de l\u00f3gica &#8211; imagem: internet<\/figcaption><\/figure>\n<p>&nbsp;<\/p>\n<p>&nbsp;<\/p>\n<p>&nbsp;<\/p>\n","protected":false},"excerpt":{"rendered":"<p>Na noite de 15 de novembro de 2020 o ent\u00e3o Deputado Estadual Allyson Bezerra (SD) foi eleito Prefeito de Mossor\u00f3 com\u00a065.297 votos v\u00e1lidos, que representaram 47,52% dos votos v\u00e1lidos na cidade. A partir deste momento o &#8220;menino pobrezinho&#8221;, alcunha trabalhada na campanha eleitoral, tornou-se o principal agente da pol\u00edtica mossoroense para as elei\u00e7\u00f5es de 2022. &hellip; <\/p>\n<p class=\"link-more\"><a href=\"https:\/\/diariopolitico.com.br\/arquivo\/?p=9839\" class=\"more-link\">Continue lendo<span class=\"screen-reader-text\"> &#8220;O paradoxo da esposa do Prefeito ser candidata&#8221;<\/span><\/a><\/p>\n","protected":false},"author":1,"featured_media":0,"comment_status":"open","ping_status":"open","sticky":false,"template":"","format":"standard","meta":{"jetpack_post_was_ever_published":false,"_jetpack_newsletter_access":"","_jetpack_dont_email_post_to_subs":false,"_jetpack_newsletter_tier_id":0,"_jetpack_memberships_contains_paywalled_content":false,"_jetpack_memberships_contains_paid_content":false,"footnotes":"","jetpack_publicize_message":"","jetpack_publicize_feature_enabled":true,"jetpack_social_post_already_shared":true,"jetpack_social_options":{"image_generator_settings":{"template":"highway","default_image_id":0,"font":"","enabled":false},"version":2}},"categories":[842,765,105],"tags":[],"class_list":["post-9839","post","type-post","status-publish","format-standard","hentry","category-allyson-bezerra","category-eleicoes-2022","category-mossoro"],"jetpack_publicize_connections":[],"jetpack_featured_media_url":"","jetpack_sharing_enabled":true,"jetpack_shortlink":"https:\/\/wp.me\/p9Xjoc-2yH","jetpack-related-posts":[{"id":7060,"url":"https:\/\/diariopolitico.com.br\/arquivo\/?p=7060","url_meta":{"origin":9839,"position":0},"title":"MP e Rosalba entram com a\u00e7\u00f5es\u00a0contra Allyson Bezerra; Prefeito eleito emite nota","author":"Von\u00favio Praxedes","date":"17 17America\/Recife dezembro 17America\/Recife 2020","format":false,"excerpt":"Via blog Justi\u00e7a Potiguar O prefeito eleito de Mossor\u00f3, Alysson Bezerra, \u00e9 alvo de duas a\u00e7\u00f5es de investiga\u00e7\u00e3o judicial eleitoral movidas pelo Minist\u00e9rio P\u00fablico e pela candidata derrotada no pleito municipal, Rosalba Ciarlini. As a\u00e7\u00f5es apontam supostas condutas irregulares durante o per\u00edodo da campanha eleitoral. Na a\u00e7\u00e3o do MP Eleitoral,\u2026","rel":"","context":"Em &quot;Elei\u00e7\u00f5es 2020&quot;","block_context":{"text":"Elei\u00e7\u00f5es 2020","link":"https:\/\/diariopolitico.com.br\/arquivo\/?cat=174"},"img":{"alt_text":"","src":"https:\/\/i0.wp.com\/diariopolitico.com.br\/wp-content\/uploads\/2020\/12\/WhatsApp-Image-2020-12-16-at-15.54.53.jpeg?resize=350%2C200","width":350,"height":200,"srcset":"https:\/\/i0.wp.com\/diariopolitico.com.br\/wp-content\/uploads\/2020\/12\/WhatsApp-Image-2020-12-16-at-15.54.53.jpeg?resize=350%2C200 1x, https:\/\/i0.wp.com\/diariopolitico.com.br\/wp-content\/uploads\/2020\/12\/WhatsApp-Image-2020-12-16-at-15.54.53.jpeg?resize=525%2C300 1.5x, https:\/\/i0.wp.com\/diariopolitico.com.br\/wp-content\/uploads\/2020\/12\/WhatsApp-Image-2020-12-16-at-15.54.53.jpeg?resize=700%2C400 2x"},"classes":[]},{"id":9109,"url":"https:\/\/diariopolitico.com.br\/arquivo\/?p=9109","url_meta":{"origin":9839,"position":1},"title":"Neste m\u00eas de julho Mossor\u00f3 esteve na rota dos candidatos ao Governo do Estado","author":"Von\u00favio Praxedes","date":"29 29America\/Recife julho 29America\/Recife 2021","format":false,"excerpt":"Ningu\u00e9m tem d\u00favidas que o processo eleitoral de 2022 j\u00e1 come\u00e7ou e Mossor\u00f3 novamente far\u00e1 parte da rota de votos para qualquer candidato ao Governo do Estado que busque uma melhor posi\u00e7\u00e3o nas urnas. Somente Natal n\u00e3o elege o principal posto pol\u00edtico do RN, fato comprovado nas \u00faltimas elei\u00e7\u00f5es. Quando\u2026","rel":"","context":"Em &quot;Elei\u00e7\u00f5es 2022&quot;","block_context":{"text":"Elei\u00e7\u00f5es 2022","link":"https:\/\/diariopolitico.com.br\/arquivo\/?cat=765"},"img":{"alt_text":"","src":"https:\/\/i0.wp.com\/diariopolitico.com.br\/wp-content\/uploads\/2021\/07\/WhatsApp-Image-2021-07-29-at-08.03.02-461x1024.jpeg?resize=350%2C200","width":350,"height":200},"classes":[]},{"id":8668,"url":"https:\/\/diariopolitico.com.br\/arquivo\/?p=8668","url_meta":{"origin":9839,"position":2},"title":"O Prefeito Allyson Bezerra n\u00e3o perde por esperar","author":"Von\u00favio Praxedes","date":"2 02America\/Recife junho 02America\/Recife 2021","format":false,"excerpt":"\u00c9 certo que as articula\u00e7\u00f5es para 2022 come\u00e7aram e a classe pol\u00edtica, principalmente aqueles que buscam reelei\u00e7\u00e3o ou querem ter de volta seu espa\u00e7o, tem se mostrado literalmente interessados em melhores posi\u00e7\u00f5es para obten\u00e7\u00e3o de votos em outubro do pr\u00f3ximo ano. O Prefeito Allyson Bezerra (SD) n\u00e3o precisa se desesperar.\u2026","rel":"","context":"Em &quot;Elei\u00e7\u00f5es 2022&quot;","block_context":{"text":"Elei\u00e7\u00f5es 2022","link":"https:\/\/diariopolitico.com.br\/arquivo\/?cat=765"},"img":{"alt_text":"","src":"https:\/\/i0.wp.com\/diariopolitico.com.br\/wp-content\/uploads\/2021\/06\/WhatsApp-Image-2021-06-02-at-08.31.35-1.jpeg?resize=350%2C200","width":350,"height":200,"srcset":"https:\/\/i0.wp.com\/diariopolitico.com.br\/wp-content\/uploads\/2021\/06\/WhatsApp-Image-2021-06-02-at-08.31.35-1.jpeg?resize=350%2C200 1x, https:\/\/i0.wp.com\/diariopolitico.com.br\/wp-content\/uploads\/2021\/06\/WhatsApp-Image-2021-06-02-at-08.31.35-1.jpeg?resize=525%2C300 1.5x, https:\/\/i0.wp.com\/diariopolitico.com.br\/wp-content\/uploads\/2021\/06\/WhatsApp-Image-2021-06-02-at-08.31.35-1.jpeg?resize=700%2C400 2x, https:\/\/i0.wp.com\/diariopolitico.com.br\/wp-content\/uploads\/2021\/06\/WhatsApp-Image-2021-06-02-at-08.31.35-1.jpeg?resize=1050%2C600 3x"},"classes":[]},{"id":6470,"url":"https:\/\/diariopolitico.com.br\/arquivo\/?p=6470","url_meta":{"origin":9839,"position":3},"title":"As rea\u00e7\u00f5es dos candidatos a Prefeitura de Mossor\u00f3 depois da pesquisa TCM\/TS2","author":"Von\u00favio Praxedes","date":"20 20America\/Recife outubro 20America\/Recife 2020","format":false,"excerpt":"Depois da divulga\u00e7\u00e3o de um detalhado levantamento feito pela TCM Telecom\/ TS2 fomos checar as rea\u00e7\u00f5es dos candidatos a Prefeitura de Mossor\u00f3 em suas redes sociais. Veja os n\u00fameros da pesquisa clicando AQUI. A candidata Rosalba Ciarlini (PP) comemorou o desempenho na estimulada mostrando apenas votos v\u00e1lidos onde aparece com\u2026","rel":"","context":"Em &quot;Elei\u00e7\u00f5es 2020&quot;","block_context":{"text":"Elei\u00e7\u00f5es 2020","link":"https:\/\/diariopolitico.com.br\/arquivo\/?cat=174"},"img":{"alt_text":"","src":"","width":0,"height":0},"classes":[]},{"id":6442,"url":"https:\/\/diariopolitico.com.br\/arquivo\/?p=6442","url_meta":{"origin":9839,"position":4},"title":"As rea\u00e7\u00f5es dos candidatos \u00e0 Prefeitura de Mossor\u00f3 depois da pesquisa TCM\/TS2","author":"Von\u00favio Praxedes","date":"20 20America\/Recife outubro 20America\/Recife 2020","format":false,"excerpt":"Depois da divulga\u00e7\u00e3o de um detalhado levantamento feito pela TCM Telecom\/ TS2 fomos checar as rea\u00e7\u00f5es dos candidatos \u00e0 Prefeitura de Mossor\u00f3 em suas redes sociais. Veja os n\u00fameros da pesquisa clicando AQUI. A candidata Rosalba Ciarlini (PP) comemorou o desempenho na estimulada\/votos v\u00e1lidos, onde aparece com 44,21% das inten\u00e7\u00f5es\u2026","rel":"","context":"Em &quot;Elei\u00e7\u00f5es 2020&quot;","block_context":{"text":"Elei\u00e7\u00f5es 2020","link":"https:\/\/diariopolitico.com.br\/arquivo\/?cat=174"},"img":{"alt_text":"","src":"","width":0,"height":0},"classes":[]},{"id":6071,"url":"https:\/\/diariopolitico.com.br\/arquivo\/?p=6071","url_meta":{"origin":9839,"position":5},"title":"Allyson vai oficializar candidatura a prefeito de Mossor\u00f3 em conven\u00e7\u00e3o na zona rural","author":"Von\u00favio Praxedes","date":"3 03America\/Recife setembro 03America\/Recife 2020","format":false,"excerpt":"O partido Solidariedade em Mossor\u00f3 vai homologar a candidatura a prefeito do Deputado Estadual Allyson Bezerra em Conven\u00e7\u00e3o Partid\u00e1ria no pr\u00f3ximo dia 12 de setembro. Allyson \u00e9 presidente do Partido em Mossor\u00f3. O evento ser\u00e1 realizado na Escola Municipal Chafariz I, localizado no S\u00edtio Chafariz, na zona rural de Mossor\u00f3.\u2026","rel":"","context":"Em &quot;Elei\u00e7\u00f5es 2020&quot;","block_context":{"text":"Elei\u00e7\u00f5es 2020","link":"https:\/\/diariopolitico.com.br\/arquivo\/?cat=174"},"img":{"alt_text":"","src":"https:\/\/i0.wp.com\/diariopolitico.com.br\/wp-content\/uploads\/2020\/09\/img-20200902-wa02697809256644456573845.jpg?resize=350%2C200","width":350,"height":200,"srcset":"https:\/\/i0.wp.com\/diariopolitico.com.br\/wp-content\/uploads\/2020\/09\/img-20200902-wa02697809256644456573845.jpg?resize=350%2C200 1x, https:\/\/i0.wp.com\/diariopolitico.com.br\/wp-content\/uploads\/2020\/09\/img-20200902-wa02697809256644456573845.jpg?resize=525%2C300 1.5x, https:\/\/i0.wp.com\/diariopolitico.com.br\/wp-content\/uploads\/2020\/09\/img-20200902-wa02697809256644456573845.jpg?resize=700%2C400 2x"},"classes":[]}],"_links":{"self":[{"href":"https:\/\/diariopolitico.com.br\/arquivo\/index.php?rest_route=\/wp\/v2\/posts\/9839","targetHints":{"allow":["GET"]}}],"collection":[{"href":"https:\/\/diariopolitico.com.br\/arquivo\/index.php?rest_route=\/wp\/v2\/posts"}],"about":[{"href":"https:\/\/diariopolitico.com.br\/arquivo\/index.php?rest_route=\/wp\/v2\/types\/post"}],"author":[{"embeddable":true,"href":"https:\/\/diariopolitico.com.br\/arquivo\/index.php?rest_route=\/wp\/v2\/users\/1"}],"replies":[{"embeddable":true,"href":"https:\/\/diariopolitico.com.br\/arquivo\/index.php?rest_route=%2Fwp%2Fv2%2Fcomments&post=9839"}],"version-history":[{"count":4,"href":"https:\/\/diariopolitico.com.br\/arquivo\/index.php?rest_route=\/wp\/v2\/posts\/9839\/revisions"}],"predecessor-version":[{"id":9846,"href":"https:\/\/diariopolitico.com.br\/arquivo\/index.php?rest_route=\/wp\/v2\/posts\/9839\/revisions\/9846"}],"wp:attachment":[{"href":"https:\/\/diariopolitico.com.br\/arquivo\/index.php?rest_route=%2Fwp%2Fv2%2Fmedia&parent=9839"}],"wp:term":[{"taxonomy":"category","embeddable":true,"href":"https:\/\/diariopolitico.com.br\/arquivo\/index.php?rest_route=%2Fwp%2Fv2%2Fcategories&post=9839"},{"taxonomy":"post_tag","embeddable":true,"href":"https:\/\/diariopolitico.com.br\/arquivo\/index.php?rest_route=%2Fwp%2Fv2%2Ftags&post=9839"}],"curies":[{"name":"wp","href":"https:\/\/api.w.org\/{rel}","templated":true}]}}