{"id":80,"date":"2017-11-12T09:41:00","date_gmt":"2017-11-12T11:41:00","guid":{"rendered":"http:\/\/diariopolitico.com.br\/ministerio-da-saude-garante-r-150-milhoes-para-apaes\/"},"modified":"2017-11-12T09:41:00","modified_gmt":"2017-11-12T11:41:00","slug":"ministerio-da-saude-garante-r-150-milhoes-para-apaes","status":"publish","type":"post","link":"https:\/\/diariopolitico.com.br\/arquivo\/?p=80","title":{"rendered":"Minist\u00e9rio da Sa\u00fade garante R$ 150 milh\u00f5es para APAEs."},"content":{"rendered":"<div style=\"text-align: justify;\"><span style=\"font-size: small;\">Os brasileiros com defici\u00eancia ser\u00e3o beneficiados com a amplia\u00e7\u00e3o de  recursos federais para as Associa\u00e7\u00f5es de Pais e Amigos dos Excepcionais  (APAE). O Minist\u00e9rio da Sa\u00fade garantiu R$ 150 milh\u00f5es para qualifica\u00e7\u00e3o  da Rede da Pessoa com Defici\u00eancia no pa\u00eds. A maior parte, R$ 100  milh\u00f5es, ser\u00e1 destinada para a execu\u00e7\u00e3o do Programa Nacional para  qualifica\u00e7\u00e3o e fortalecimento das a\u00e7\u00f5es e servi\u00e7os de reabilita\u00e7\u00e3o no  \u00e2mbito da Rede da Pessoa com Defici\u00eancia. Lan\u00e7ado nesta quinta-feira  (10) durante o XXVI Congresso Nacional das Apaes, que acontece em Natal  (RN), a a\u00e7\u00e3o poder\u00e1 beneficiar mais de mil unidades.<\/span><\/div>\n<div style=\"text-align: justify;\"><\/div>\n<p><span style=\"font-size: small;\"> <\/span><\/p>\n<div style=\"text-align: justify;\"><span style=\"font-size: small;\">\u201c\u00c9 uma grande alegria falar com voc\u00eas no Congresso Nacional das  APAEs. Voc\u00eas s\u00e3o volunt\u00e1rios, verdadeiros her\u00f3is brasileiros que  trabalham com amor, dedica\u00e7\u00e3o, por uma causa t\u00e3o nobre como \u00e9 a  reabilita\u00e7\u00e3o das pessoas com defici\u00eancia. Com esses recursos, estamos  ajudando na reestrutura\u00e7\u00e3o e no custeio das Associa\u00e7\u00f5es em uma merecida  homenagem a esse maravilhoso trabalho que voc\u00eas fazem e sempre fizeram\u201d,  anunciou o ministro da Sa\u00fade, Ricardo Barros em v\u00eddeo exibido na  abertura do Congresso Nacional das Apaes.<\/span><\/p>\n<div style=\"text-align: right;\"><span style=\"font-size: small;\"><i>Fonte: Minist\u00e9rio da Sa\u00fade<\/i> <\/span><\/div>\n<\/div>\n<div style=\"clear: both; text-align: center;\"><\/div>\n","protected":false},"excerpt":{"rendered":"<p>Os brasileiros com defici\u00eancia ser\u00e3o beneficiados com a amplia\u00e7\u00e3o de recursos federais para as Associa\u00e7\u00f5es de Pais e Amigos dos Excepcionais (APAE). O Minist\u00e9rio da Sa\u00fade garantiu R$ 150 milh\u00f5es para qualifica\u00e7\u00e3o da Rede da Pessoa com Defici\u00eancia no pa\u00eds. A maior parte, R$ 100 milh\u00f5es, ser\u00e1 destinada para a execu\u00e7\u00e3o do Programa Nacional para &hellip; <\/p>\n<p class=\"link-more\"><a href=\"https:\/\/diariopolitico.com.br\/arquivo\/?p=80\" class=\"more-link\">Continue lendo<span class=\"screen-reader-text\"> &#8220;Minist\u00e9rio da Sa\u00fade garante R$ 150 milh\u00f5es para APAEs.&#8221;<\/span><\/a><\/p>\n","protected":false},"author":2,"featured_media":0,"comment_status":"open","ping_status":"open","sticky":false,"template":"","format":"standard","meta":{"jetpack_post_was_ever_published":false,"_jetpack_newsletter_access":"","_jetpack_dont_email_post_to_subs":false,"_jetpack_newsletter_tier_id":0,"_jetpack_memberships_contains_paywalled_content":false,"_jetpack_memberships_contains_paid_content":false,"footnotes":"","jetpack_publicize_message":"","jetpack_publicize_feature_enabled":true,"jetpack_social_post_already_shared":false,"jetpack_social_options":{"image_generator_settings":{"template":"highway","default_image_id":0,"font":"","enabled":false},"version":2}},"categories":[33],"tags":[],"class_list":["post-80","post","type-post","status-publish","format-standard","hentry","category-saude"],"jetpack_publicize_connections":[],"jetpack_featured_media_url":"","jetpack_sharing_enabled":true,"jetpack_shortlink":"https:\/\/wp.me\/p9Xjoc-1i","jetpack-related-posts":[{"id":7532,"url":"https:\/\/diariopolitico.com.br\/arquivo\/?p=7532","url_meta":{"origin":80,"position":0},"title":"Emendas da bancada Federal do RN para vacinas somam R$ 83 milh\u00f5es","author":"Von\u00favio Praxedes","date":"2 02America\/Recife mar\u00e7o 02America\/Recife 2021","format":false,"excerpt":"A bancada federal do Rio Grande do Norte decidiu destinar um total de emendas ao Or\u00e7amento da Uni\u00e3o, entre individuais e coletivas, que somam R$ 83,1 milh\u00f5es para a compra pelo Estado de vacinas contra a covid-19. Os recursos dever\u00e3o ser inclu\u00eddos no Projeto da Lei Or\u00e7ament\u00e1ria Anual para este\u2026","rel":"","context":"Em &quot;Bancada Federal do RN&quot;","block_context":{"text":"Bancada Federal do RN","link":"https:\/\/diariopolitico.com.br\/arquivo\/?cat=438"},"img":{"alt_text":"","src":"","width":0,"height":0},"classes":[]},{"id":7491,"url":"https:\/\/diariopolitico.com.br\/arquivo\/?p=7491","url_meta":{"origin":80,"position":1},"title":"Bancada Federal do RN define prioridades para emendas coletivas","author":"Von\u00favio Praxedes","date":"25 25America\/Recife fevereiro 25America\/Recife 2021","format":false,"excerpt":"Via Tribuna do Norte A bancada federal decidiu acatar os pleitos da governadora F\u00e1tima Bezerra (PT) e do prefeito do \u00c1lvaro Dias (PSDB), quanto \u00e0 destina\u00e7\u00e3o de duas emendas coletivas para o Estado e uma para o munic\u00edpio de Natal, dentro das 15 a que tem direito os parlamentares, no\u2026","rel":"","context":"Em &quot;Bras\u00edlia&quot;","block_context":{"text":"Bras\u00edlia","link":"https:\/\/diariopolitico.com.br\/arquivo\/?cat=12"},"img":{"alt_text":"","src":"","width":0,"height":0},"classes":[]},{"id":2111,"url":"https:\/\/diariopolitico.com.br\/arquivo\/?p=2111","url_meta":{"origin":80,"position":2},"title":"Em busca de recursos Federais para sa\u00fade, Governadora teme &#8220;retalia\u00e7\u00e3o pol\u00edtica&#8221; durante reuni\u00e3o com bancada","author":"Von\u00favio Praxedes","date":"8 08America\/Recife julho 08America\/Recife 2019","format":false,"excerpt":"A governadora F\u00e1tima Bezerra reuniu representantes das bancadas parlamentares federal e estadual do RN, na manh\u00e3 desta segunda-feira, 08, para tratar do repasse de recursos federais para a sa\u00fade no Rio Grande do Norte. O Governo do Estado cobra a contrapartida federal aos servi\u00e7os j\u00e1 prestados na sa\u00fade p\u00fablica em\u2026","rel":"","context":"Em &quot;Bancada Federal do RN&quot;","block_context":{"text":"Bancada Federal do RN","link":"https:\/\/diariopolitico.com.br\/arquivo\/?cat=438"},"img":{"alt_text":"","src":"https:\/\/i0.wp.com\/diariopolitico.com.br\/arquivo\/wp-content\/uploads\/2019\/07\/Reuni%C3%A3o-da-Sa%C3%BAde_Elisa-Elsie-2.jpeg?resize=350%2C200&ssl=1","width":350,"height":200,"srcset":"https:\/\/i0.wp.com\/diariopolitico.com.br\/arquivo\/wp-content\/uploads\/2019\/07\/Reuni%C3%A3o-da-Sa%C3%BAde_Elisa-Elsie-2.jpeg?resize=350%2C200&ssl=1 1x, https:\/\/i0.wp.com\/diariopolitico.com.br\/arquivo\/wp-content\/uploads\/2019\/07\/Reuni%C3%A3o-da-Sa%C3%BAde_Elisa-Elsie-2.jpeg?resize=525%2C300&ssl=1 1.5x, https:\/\/i0.wp.com\/diariopolitico.com.br\/arquivo\/wp-content\/uploads\/2019\/07\/Reuni%C3%A3o-da-Sa%C3%BAde_Elisa-Elsie-2.jpeg?resize=700%2C400&ssl=1 2x, https:\/\/i0.wp.com\/diariopolitico.com.br\/arquivo\/wp-content\/uploads\/2019\/07\/Reuni%C3%A3o-da-Sa%C3%BAde_Elisa-Elsie-2.jpeg?resize=1050%2C600&ssl=1 3x"},"classes":[]},{"id":7373,"url":"https:\/\/diariopolitico.com.br\/arquivo\/?p=7373","url_meta":{"origin":80,"position":3},"title":"Ministro da Sa\u00fade garante incluir professores como prioridade na vacina\u00e7\u00e3o da Covid-19","author":"Von\u00favio Praxedes","date":"19 19America\/Recife fevereiro 19America\/Recife 2021","format":false,"excerpt":"Via O Globo\/ Adriana Mendes Em reuni\u00e3o com a Frente Nacional de Prefeitos (FNP) na manh\u00e3 desta sexta-feira (19\/02), o ministro da Sa\u00fade, Eduardo Pazuello, garantiu que vai alterar o Plano Nacional de Vacina\u00e7\u00e3o (PNI) para incluir os professores como prioridade na estrat\u00e9gia de imuniza\u00e7\u00e3o. A medida \u00e9 uma das\u2026","rel":"","context":"Em &quot;Educa\u00e7\u00e3o&quot;","block_context":{"text":"Educa\u00e7\u00e3o","link":"https:\/\/diariopolitico.com.br\/arquivo\/?cat=30"},"img":{"alt_text":"","src":"","width":0,"height":0},"classes":[]},{"id":4610,"url":"https:\/\/diariopolitico.com.br\/arquivo\/?p=4610","url_meta":{"origin":80,"position":4},"title":"Presidente Bolsonaro \u00e9 criticado ap\u00f3s pronunciamento em rede nacional","author":"Von\u00favio Praxedes","date":"25 25America\/Recife mar\u00e7o 25America\/Recife 2020","format":false,"excerpt":"Via CNN Brasil O presidente Jair Bolsonaro (sem partido) voltou a criticar as medidas de preven\u00e7\u00e3o do novo coronav\u00edrus (COVID-19) adotadas por prefeitos e governadores em pronunciamento em rede nacional nesta ter\u00e7a-feira (24\/03). \"Algumas poucas autoridades estaduais e municipais devem abandonar o conceito de 'terra arrasada', com proibi\u00e7\u00e3o do transporte,\u2026","rel":"","context":"Em &quot;Bolsonaro&quot;","block_context":{"text":"Bolsonaro","link":"https:\/\/diariopolitico.com.br\/arquivo\/?cat=24"},"img":{"alt_text":"","src":"","width":0,"height":0},"classes":[]},{"id":10917,"url":"https:\/\/diariopolitico.com.br\/arquivo\/?p=10917","url_meta":{"origin":80,"position":5},"title":"Minist\u00e9rio da Sa\u00fade autoriza libera\u00e7\u00e3o de R$ 15 milh\u00f5es para Mossor\u00f3","author":"Von\u00favio Praxedes","date":"29 29America\/Recife dezembro 29America\/Recife 2021","format":false,"excerpt":"O Minist\u00e9rio da Sa\u00fade autorizou a libera\u00e7\u00e3o de recursos financeiros no valor de R$ 15 milh\u00f5es para o munic\u00edpio de Mossor\u00f3. A Portaria n\u00ba 4.012 foi publicada nesta quarta-feira (29\/12), no Di\u00e1rio Oficial da Uni\u00e3o (DOU). Os recursos foram assegurados pelo ministro Marcelo Queiroga no \u00faltimo dia 18 de novembro,\u2026","rel":"","context":"Em &quot;Mossor\u00f3&quot;","block_context":{"text":"Mossor\u00f3","link":"https:\/\/diariopolitico.com.br\/arquivo\/?cat=105"},"img":{"alt_text":"","src":"https:\/\/i0.wp.com\/diariopolitico.com.br\/wp-content\/uploads\/2021\/12\/WhatsApp-Image-2021-12-29-at-10.47.07-1024x682.jpeg?resize=350%2C200","width":350,"height":200,"srcset":"https:\/\/i0.wp.com\/diariopolitico.com.br\/wp-content\/uploads\/2021\/12\/WhatsApp-Image-2021-12-29-at-10.47.07-1024x682.jpeg?resize=350%2C200 1x, https:\/\/i0.wp.com\/diariopolitico.com.br\/wp-content\/uploads\/2021\/12\/WhatsApp-Image-2021-12-29-at-10.47.07-1024x682.jpeg?resize=525%2C300 1.5x, https:\/\/i0.wp.com\/diariopolitico.com.br\/wp-content\/uploads\/2021\/12\/WhatsApp-Image-2021-12-29-at-10.47.07-1024x682.jpeg?resize=700%2C400 2x"},"classes":[]}],"_links":{"self":[{"href":"https:\/\/diariopolitico.com.br\/arquivo\/index.php?rest_route=\/wp\/v2\/posts\/80","targetHints":{"allow":["GET"]}}],"collection":[{"href":"https:\/\/diariopolitico.com.br\/arquivo\/index.php?rest_route=\/wp\/v2\/posts"}],"about":[{"href":"https:\/\/diariopolitico.com.br\/arquivo\/index.php?rest_route=\/wp\/v2\/types\/post"}],"author":[{"embeddable":true,"href":"https:\/\/diariopolitico.com.br\/arquivo\/index.php?rest_route=\/wp\/v2\/users\/2"}],"replies":[{"embeddable":true,"href":"https:\/\/diariopolitico.com.br\/arquivo\/index.php?rest_route=%2Fwp%2Fv2%2Fcomments&post=80"}],"version-history":[{"count":0,"href":"https:\/\/diariopolitico.com.br\/arquivo\/index.php?rest_route=\/wp\/v2\/posts\/80\/revisions"}],"wp:attachment":[{"href":"https:\/\/diariopolitico.com.br\/arquivo\/index.php?rest_route=%2Fwp%2Fv2%2Fmedia&parent=80"}],"wp:term":[{"taxonomy":"category","embeddable":true,"href":"https:\/\/diariopolitico.com.br\/arquivo\/index.php?rest_route=%2Fwp%2Fv2%2Fcategories&post=80"},{"taxonomy":"post_tag","embeddable":true,"href":"https:\/\/diariopolitico.com.br\/arquivo\/index.php?rest_route=%2Fwp%2Fv2%2Ftags&post=80"}],"curies":[{"name":"wp","href":"https:\/\/api.w.org\/{rel}","templated":true}]}}