{"id":6917,"date":"2020-11-27T18:57:56","date_gmt":"2020-11-27T21:57:56","guid":{"rendered":"http:\/\/diariopolitico.com.br\/?p=6917"},"modified":"2020-11-27T18:59:03","modified_gmt":"2020-11-27T21:59:03","slug":"apos-cobranca-prefeitura-de-mossoro-informa-sobre-repasse-a-liga-de-combate-ao-cancer","status":"publish","type":"post","link":"https:\/\/diariopolitico.com.br\/arquivo\/?p=6917","title":{"rendered":"Ap\u00f3s cobran\u00e7a, Prefeitura de Mossor\u00f3 informa sobre repasse \u00e0 Liga de combate ao C\u00e2ncer"},"content":{"rendered":"<p>Por meio de nota a Prefeitura de Mossor\u00f3 informou in\u00edcio da noite desta sexta-feira (27\/11) que vai repassar na segunda-feira, dia 30 de novembro, \u00e0 Liga de combate ao C\u00e2ncer a produ\u00e7\u00e3o do m\u00eas de setembro. O munic\u00edpio diz ainda, respondendo nota da LMECC <strong><em><a href=\"https:\/\/diariopolitico.com.br\/arquivoliga-do-cancer-vai-paralisar-servicos-por-falta-de-repasses-da-prefeitura-de-mossoro\/\">(LEIA)<\/a><\/em><\/strong> que &#8220;n\u00e3o ret\u00e9m esses valores encaminhados por meio do termo de coopera\u00e7\u00e3o&#8221;.<\/p>\n<p>Leia nota na \u00edntegra:<\/p>\n<p>A Prefeitura de Mossor\u00f3 informa que a produ\u00e7\u00e3o SUS do m\u00eas de setembro da Liga Mossoroense de Estudos e Combate ao C\u00e2ncer (LMECC) vai ser paga nesta segunda-feira (30). O Munic\u00edpio informa ainda que aguarda o envio de notas por parte do hospital para concluir o processamento do m\u00eas de outubro e logo em seguida realizar o pagamento.<\/p>\n<p>A Prefeitura de Mossor\u00f3 ainda esclarece que os pagamentos feitos pelo Governo do Estado (j\u00e1 que o hospital n\u00e3o atende pacientes apenas de Mossor\u00f3, mas tamb\u00e9m de outras 63 cidades da regi\u00e3o) via Termo de Coopera\u00e7\u00e3o T\u00e9cnica e Financeira entre SESAP e o Munic\u00edpio de Mossor\u00f3 s\u00e3o repassados assim que creditados em conta. A Prefeitura n\u00e3o ret\u00e9m esses valores encaminhados por meio do termo de coopera\u00e7\u00e3o. Inclusive, o \u00faltimo repasse do Governo do Estado ocorreu no dia 06 de outubro, no valor de R$ 219.796,69, e ap\u00f3s processamento a Prefeitura destinou \u00e0 Liga( nota segue em anexo).<\/p>\n","protected":false},"excerpt":{"rendered":"<p>Por meio de nota a Prefeitura de Mossor\u00f3 informou in\u00edcio da noite desta sexta-feira (27\/11) que vai repassar na segunda-feira, dia 30 de novembro, \u00e0 Liga de combate ao C\u00e2ncer a produ\u00e7\u00e3o do m\u00eas de setembro. O munic\u00edpio diz ainda, respondendo nota da LMECC (LEIA) que &#8220;n\u00e3o ret\u00e9m esses valores encaminhados por meio do termo &hellip; <\/p>\n<p class=\"link-more\"><a href=\"https:\/\/diariopolitico.com.br\/arquivo\/?p=6917\" class=\"more-link\">Continue lendo<span class=\"screen-reader-text\"> &#8220;Ap\u00f3s cobran\u00e7a, Prefeitura de Mossor\u00f3 informa sobre repasse \u00e0 Liga de combate ao C\u00e2ncer&#8221;<\/span><\/a><\/p>\n","protected":false},"author":1,"featured_media":0,"comment_status":"open","ping_status":"open","sticky":false,"template":"","format":"standard","meta":{"jetpack_post_was_ever_published":false,"_jetpack_newsletter_access":"","_jetpack_dont_email_post_to_subs":false,"_jetpack_newsletter_tier_id":0,"_jetpack_memberships_contains_paywalled_content":false,"_jetpack_memberships_contains_paid_content":false,"footnotes":"","jetpack_publicize_message":"","jetpack_publicize_feature_enabled":true,"jetpack_social_post_already_shared":true,"jetpack_social_options":{"image_generator_settings":{"template":"highway","default_image_id":0,"font":"","enabled":false},"version":2}},"categories":[422,105,26,33],"tags":[205,423,51,149,196],"class_list":["post-6917","post","type-post","status-publish","format-standard","hentry","category-lmecc","category-mossoro","category-prefeitura-de-mossoro","category-saude","tag-cobrancas","tag-liga-mossoroense-de-estudos-e-combate-ao-cancer","tag-mossoro","tag-prefeitura","tag-saude"],"jetpack_publicize_connections":[],"jetpack_featured_media_url":"","jetpack_sharing_enabled":true,"jetpack_shortlink":"https:\/\/wp.me\/p9Xjoc-1Nz","jetpack-related-posts":[{"id":6902,"url":"https:\/\/diariopolitico.com.br\/arquivo\/?p=6902","url_meta":{"origin":6917,"position":0},"title":"Liga do C\u00e2ncer vai paralisar servi\u00e7os por falta de repasses da Prefeitura de Mossor\u00f3","author":"Von\u00favio Praxedes","date":"27 27America\/Recife novembro 27America\/Recife 2020","format":false,"excerpt":"Por meio de comunicado encaminhado \u00e0 imprensa a Liga Mossoroense de Estudos e Combate ao C\u00e2ncer de Mossor\u00f3 afirma que vai \"paralisar alguns setores dos seus servi\u00e7os de radioterapia e quimioterapia\", a partir de ter\u00e7a-feira, dia 1\u00b0 de dezembro. A LMECC cobra repasses da Prefeitura de Mossor\u00f3. Confira abaixo nota\u2026","rel":"","context":"Em &quot;LMECC&quot;","block_context":{"text":"LMECC","link":"https:\/\/diariopolitico.com.br\/arquivo\/?cat=422"},"img":{"alt_text":"","src":"","width":0,"height":0},"classes":[]},{"id":6046,"url":"https:\/\/diariopolitico.com.br\/arquivo\/?p=6046","url_meta":{"origin":6917,"position":1},"title":"Prefeitura de Mossor\u00f3 deixa de fazer repasses e Hospital do C\u00e2ncer anuncia suspens\u00e3o de tratamentos","author":"Von\u00favio Praxedes","date":"2 02America\/Recife setembro 02America\/Recife 2020","format":false,"excerpt":"Nesta quarta-feira (02\/09), o Presidente da Liga Mossoroense de Estudos e Combate ao C\u00e2ncer informou por meio de comunicado a suspens\u00e3o dos servi\u00e7os de radioterapia e quimioterapia a partir da pr\u00f3xima ter\u00e7a-feira, dia 08 de setembro. Segundo Paulo Henrique Lima do Monte: \" Prefeitura Municipal de Mossor\u00f3 firmou verbalmente o\u2026","rel":"","context":"Em &quot;LMECC&quot;","block_context":{"text":"LMECC","link":"https:\/\/diariopolitico.com.br\/arquivo\/?cat=422"},"img":{"alt_text":"","src":"","width":0,"height":0},"classes":[]},{"id":6079,"url":"https:\/\/diariopolitico.com.br\/arquivo\/?p=6079","url_meta":{"origin":6917,"position":2},"title":"Hospital do C\u00e2ncer adia suspens\u00e3o dos atendimentos por 15  dias","author":"Von\u00favio Praxedes","date":"3 03America\/Recife setembro 03America\/Recife 2020","format":false,"excerpt":"Depois da repercuss\u00e3o do an\u00fancio de suspens\u00e3o dos seus atendimentos, a Liga Mossoroense de Estudos e Combate ao C\u00e2ncer divulgou nota suspendendo a medida pelos pr\u00f3ximos 15 dias. A decis\u00e3o foi tomada ap\u00f3s a Prefeitura de Mossor\u00f3 repassar R$ 401.618,19 do Governo do RN que estava nos cofres do executivo\u2026","rel":"","context":"Em &quot;LMECC&quot;","block_context":{"text":"LMECC","link":"https:\/\/diariopolitico.com.br\/arquivo\/?cat=422"},"img":{"alt_text":"","src":"","width":0,"height":0},"classes":[]},{"id":6059,"url":"https:\/\/diariopolitico.com.br\/arquivo\/?p=6059","url_meta":{"origin":6917,"position":3},"title":"&#8220;Inesperado e desproporcional&#8221;, diz Prefeitura de Mossor\u00f3 sobre suspens\u00e3o de servi\u00e7os do Hospital do C\u00e2ncer","author":"Von\u00favio Praxedes","date":"2 02America\/Recife setembro 02America\/Recife 2020","format":false,"excerpt":"Por meio de nota a Prefeitura de Mossor\u00f3 esclarece pontos citados pela Liga Mossoroense de Estudos e Combate ao C\u00e2ncer sobre d\u00edvidas do executivo com a LMECC, confira reportagem AQUI. O executivo municipal confirma a d\u00edvida do Plus, mas garante repasse em dia dos recursos do SUS. Sobre a paralisa\u00e7\u00e3o\u2026","rel":"","context":"Em &quot;LMECC&quot;","block_context":{"text":"LMECC","link":"https:\/\/diariopolitico.com.br\/arquivo\/?cat=422"},"img":{"alt_text":"","src":"","width":0,"height":0},"classes":[]},{"id":11285,"url":"https:\/\/diariopolitico.com.br\/arquivo\/?p=11285","url_meta":{"origin":6917,"position":4},"title":"Liga contra o C\u00e2ncer de Mossor\u00f3 paralisa parte dos atendimentos","author":"Von\u00favio Praxedes","date":"16 16America\/Recife fevereiro 16America\/Recife 2022","format":false,"excerpt":"COMUNICADO A Liga Mossoroense de Estudos e Combate ao C\u00e2ncer (LMECC) comunica a sociedade Potiguar que, em raz\u00e3o da falta de repasse financeiro referente a Produ\u00e7\u00e3o Plus pelo Governo do Estado do Rio Grande do Norte dos meses de outubro a dezembro de 2021, totalizando R$ 1.888.486,32 (um milh\u00e3o, oitocentos\u2026","rel":"","context":"Em &quot;LMECC&quot;","block_context":{"text":"LMECC","link":"https:\/\/diariopolitico.com.br\/arquivo\/?cat=422"},"img":{"alt_text":"","src":"https:\/\/i0.wp.com\/diariopolitico.com.br\/wp-content\/uploads\/2022\/02\/Hospital_da_Solidariedade-1024x578.jpg?resize=350%2C200","width":350,"height":200,"srcset":"https:\/\/i0.wp.com\/diariopolitico.com.br\/wp-content\/uploads\/2022\/02\/Hospital_da_Solidariedade-1024x578.jpg?resize=350%2C200 1x, https:\/\/i0.wp.com\/diariopolitico.com.br\/wp-content\/uploads\/2022\/02\/Hospital_da_Solidariedade-1024x578.jpg?resize=525%2C300 1.5x, https:\/\/i0.wp.com\/diariopolitico.com.br\/wp-content\/uploads\/2022\/02\/Hospital_da_Solidariedade-1024x578.jpg?resize=700%2C400 2x"},"classes":[]},{"id":1499,"url":"https:\/\/diariopolitico.com.br\/arquivo\/?p=1499","url_meta":{"origin":6917,"position":5},"title":"Governo do Estado deve R$10 milh\u00f5es ao Hospital do C\u00e2ncer de Mossor\u00f3","author":"Von\u00favio Praxedes","date":"4 04America\/Recife abril 04America\/Recife 2019","format":false,"excerpt":"Via blog Carol Ribeiro O valor \u00e9 de cerca de R$ 7 milh\u00f5es referentes \u00e0 parcela de 60% do plus de responsabilidade do Governo do Estado, correspondente ao ano de 2018. Somam-se a isso cerca de R$ 900 mil de produ\u00e7\u00e3o mensal que n\u00e3o s\u00e3o pagos desde outubro do ano\u2026","rel":"","context":"Em &quot;Economia&quot;","block_context":{"text":"Economia","link":"https:\/\/diariopolitico.com.br\/arquivo\/?cat=163"},"img":{"alt_text":"","src":"","width":0,"height":0},"classes":[]}],"_links":{"self":[{"href":"https:\/\/diariopolitico.com.br\/arquivo\/index.php?rest_route=\/wp\/v2\/posts\/6917","targetHints":{"allow":["GET"]}}],"collection":[{"href":"https:\/\/diariopolitico.com.br\/arquivo\/index.php?rest_route=\/wp\/v2\/posts"}],"about":[{"href":"https:\/\/diariopolitico.com.br\/arquivo\/index.php?rest_route=\/wp\/v2\/types\/post"}],"author":[{"embeddable":true,"href":"https:\/\/diariopolitico.com.br\/arquivo\/index.php?rest_route=\/wp\/v2\/users\/1"}],"replies":[{"embeddable":true,"href":"https:\/\/diariopolitico.com.br\/arquivo\/index.php?rest_route=%2Fwp%2Fv2%2Fcomments&post=6917"}],"version-history":[{"count":2,"href":"https:\/\/diariopolitico.com.br\/arquivo\/index.php?rest_route=\/wp\/v2\/posts\/6917\/revisions"}],"predecessor-version":[{"id":6919,"href":"https:\/\/diariopolitico.com.br\/arquivo\/index.php?rest_route=\/wp\/v2\/posts\/6917\/revisions\/6919"}],"wp:attachment":[{"href":"https:\/\/diariopolitico.com.br\/arquivo\/index.php?rest_route=%2Fwp%2Fv2%2Fmedia&parent=6917"}],"wp:term":[{"taxonomy":"category","embeddable":true,"href":"https:\/\/diariopolitico.com.br\/arquivo\/index.php?rest_route=%2Fwp%2Fv2%2Fcategories&post=6917"},{"taxonomy":"post_tag","embeddable":true,"href":"https:\/\/diariopolitico.com.br\/arquivo\/index.php?rest_route=%2Fwp%2Fv2%2Ftags&post=6917"}],"curies":[{"name":"wp","href":"https:\/\/api.w.org\/{rel}","templated":true}]}}