{"id":1467,"date":"2019-03-29T16:25:55","date_gmt":"2019-03-29T19:25:55","guid":{"rendered":"https:\/\/diariopolitico.com.br\/servidores-decidem-suspender-greve-da-saude\/"},"modified":"2019-03-29T16:33:11","modified_gmt":"2019-03-29T19:33:11","slug":"servidores-decidem-suspender-greve-da-saude","status":"publish","type":"post","link":"https:\/\/diariopolitico.com.br\/arquivo\/?p=1467","title":{"rendered":"Servidores decidem suspender greve da sa\u00fade"},"content":{"rendered":"<p><strong><em>Via G1 RN<\/em><\/strong><\/p>\n<p>Os servidores da sa\u00fade p\u00fablica do Rio Grande do Norte decidiram nesta sexta-feira (29\/03) suspender de forma tempor\u00e1ria a greve por 30 dias. A decis\u00e3o foi tomada em assembleia realizada nesta manh\u00e3.<\/p>\n<p>Com a decis\u00e3o, o Sindsa\u00fade vai enviar um documento ao governo sobre as pautas de reivindica\u00e7\u00f5es apresentadas, com a inclus\u00e3o do pagamento do 13\u00ba de 2018 e do sal\u00e1rio de dezembro de 2018 no novo texto.<\/p>\n<p>A greve dos servidores da sa\u00fade durava desde o dia 5 de fevereiro &#8211; h\u00e1 52 dias -, quando foi deflagrada em frente \u00e0 governadoria. A aprova\u00e7\u00e3o para a greve havia acontecido no dia 24 de janeiro. Entre os motivos para a paralisa\u00e7\u00e3o, estava a luta por &#8220;um calend\u00e1rio de pagamento&#8221; e &#8220;o pagamento dos sal\u00e1rios atrasados&#8221;.<\/p>\n<p>Em nota, o Sindsa\u00fade afirmou, que apesar da suspens\u00e3o tempor\u00e1ria da greve, vai seguir em busca da regulariza\u00e7\u00e3o dos sal\u00e1rios atrasados. &#8220;N\u00f3s vamos continuar lutando em defesa dos nossos direitos, em defesa dos servidores e aposentados que est\u00e3o com os sal\u00e1rios atrasados. N\u00e3o vamos sossegar at\u00e9 termos nossos sal\u00e1rios em dia. A greve foi suspensa por 30 dias, mas a luta permanece&#8221;, pontuou.<\/p>\n<p>No dia 14 de mar\u00e7o, o Tribunal de Justi\u00e7a do Rio Grande do Norte havia determinado que 70% dos servidores da sa\u00fade voltassem ao servi\u00e7o nas unidades p\u00fablicas do estado. A Procuradoria Geral do Estado argumentou na \u00e9poca, que, embora exista direito \u00e0 greve, algumas categorias e servi\u00e7os essenciais n\u00e3o podem parar.<\/p>\n","protected":false},"excerpt":{"rendered":"<p>Via G1 RN Os servidores da sa\u00fade p\u00fablica do Rio Grande do Norte decidiram nesta sexta-feira (29\/03) suspender de forma tempor\u00e1ria a greve por 30 dias. A decis\u00e3o foi tomada em assembleia realizada nesta manh\u00e3. Com a decis\u00e3o, o Sindsa\u00fade vai enviar um documento ao governo sobre as pautas de reivindica\u00e7\u00f5es apresentadas, com a inclus\u00e3o &hellip; <\/p>\n<p class=\"link-more\"><a href=\"https:\/\/diariopolitico.com.br\/arquivo\/?p=1467\" class=\"more-link\">Continue lendo<span class=\"screen-reader-text\"> &#8220;Servidores decidem suspender greve da sa\u00fade&#8221;<\/span><\/a><\/p>\n","protected":false},"author":1,"featured_media":0,"comment_status":"open","ping_status":"open","sticky":false,"template":"","format":"standard","meta":{"jetpack_post_was_ever_published":false,"_jetpack_newsletter_access":"","_jetpack_dont_email_post_to_subs":false,"_jetpack_newsletter_tier_id":0,"_jetpack_memberships_contains_paywalled_content":false,"_jetpack_memberships_contains_paid_content":false,"footnotes":"","jetpack_publicize_message":"","jetpack_publicize_feature_enabled":true,"jetpack_social_post_already_shared":true,"jetpack_social_options":{"image_generator_settings":{"template":"highway","default_image_id":0,"font":"","enabled":false},"version":2}},"categories":[144,15,16,32,33],"tags":[375,134,54,196],"class_list":["post-1467","post","type-post","status-publish","format-standard","hentry","category-fatima-bezerra","category-folha-de-pagamento","category-governo-do-rn","category-greve","category-saude","tag-greve","tag-paralisacao-saude","tag-rio-grande-do-norte","tag-saude"],"jetpack_publicize_connections":[],"jetpack_featured_media_url":"","jetpack_sharing_enabled":true,"jetpack_shortlink":"https:\/\/wp.me\/p9Xjoc-nF","jetpack-related-posts":[{"id":65,"url":"https:\/\/diariopolitico.com.br\/arquivo\/?p=65","url_meta":{"origin":1467,"position":0},"title":"GREVE: Tribunal de Justi\u00e7a determina que 70% dos servidores da sa\u00fade devem trabalhar.","author":"Diario Politico","date":"19 19America\/Recife novembro 19America\/Recife 2017","format":false,"excerpt":"O Sindicato dos Servidores da Sa\u00fade do Rio Grande do Norte dever\u00e1 manter pelo menos 70% dos servidores trabalhando durante a greve da categoria iniciada na segunda-feira passada, em todo o estado. A decis\u00e3o do desembargador Amaury Moura Sobrinho, do Tribunal de Justi\u00e7a do RN, foi tomada no s\u00e1bado dia\u2026","rel":"","context":"Em &quot;GREVE&quot;","block_context":{"text":"GREVE","link":"https:\/\/diariopolitico.com.br\/arquivo\/?cat=32"},"img":{"alt_text":"","src":"","width":0,"height":0},"classes":[]},{"id":1321,"url":"https:\/\/diariopolitico.com.br\/arquivo\/?p=1321","url_meta":{"origin":1467,"position":1},"title":"Sindicato da sa\u00fade afirma que servidores continuam sendo perseguidos no HRTM","author":"Von\u00favio Praxedes","date":"13 13America\/Recife mar\u00e7o 13America\/Recife 2019","format":false,"excerpt":"Em greve desde o come\u00e7o do m\u00eas de fevereiro, a sa\u00fade estadual continua com a\u00e7\u00f5es e cobran\u00e7as por um calend\u00e1rio de pagamento direcionado ao ano todo. Os servidores pedem ainda o pagamento dos sal\u00e1rios atrasados. Em meio a greve o SINDSA\u00daDE tem denunciado constantes abusos sofridos pelos trabalhadores que aderiram\u2026","rel":"","context":"Em &quot;Den\u00fancia&quot;","block_context":{"text":"Den\u00fancia","link":"https:\/\/diariopolitico.com.br\/arquivo\/?cat=101"},"img":{"alt_text":"","src":"","width":0,"height":0},"classes":[]},{"id":1186,"url":"https:\/\/diariopolitico.com.br\/arquivo\/?p=1186","url_meta":{"origin":1467,"position":2},"title":"HRTM: Pacientes lotam corredor do Hospital Tarc\u00edsio Maia; GREVE da sa\u00fade \u00e9 deflagrada em Mossor\u00f3","author":"Von\u00favio Praxedes","date":"8 08America\/Recife fevereiro 08America\/Recife 2019","format":false,"excerpt":"Na manh\u00e3 desta sexta-feira, dia 08\/02, foi aconteceu um ato p\u00fablico em frente ao hospital Regi\u00e3o Tarc\u00edsio Maia, realizado pelo SindSa\u00fade. O sindicato que representa os servidores da sa\u00fade estadual iniciou o movimento grevista em Mossor\u00f3 hoje, j\u00e1 que a deflagra\u00e7\u00e3o da greve em Natal aconteceu na segunda-feira, 05\/02. De\u2026","rel":"","context":"Em &quot;F\u00e1tima Bezerra&quot;","block_context":{"text":"F\u00e1tima Bezerra","link":"https:\/\/diariopolitico.com.br\/arquivo\/?cat=144"},"img":{"alt_text":"","src":"https:\/\/i0.wp.com\/diariopolitico.com.br\/arquivo\/wp-content\/uploads\/2019\/02\/PicsArt_02-08-01.10.32.png?resize=350%2C200&ssl=1","width":350,"height":200,"srcset":"https:\/\/i0.wp.com\/diariopolitico.com.br\/arquivo\/wp-content\/uploads\/2019\/02\/PicsArt_02-08-01.10.32.png?resize=350%2C200&ssl=1 1x, https:\/\/i0.wp.com\/diariopolitico.com.br\/arquivo\/wp-content\/uploads\/2019\/02\/PicsArt_02-08-01.10.32.png?resize=525%2C300&ssl=1 1.5x, https:\/\/i0.wp.com\/diariopolitico.com.br\/arquivo\/wp-content\/uploads\/2019\/02\/PicsArt_02-08-01.10.32.png?resize=700%2C400&ssl=1 2x, https:\/\/i0.wp.com\/diariopolitico.com.br\/arquivo\/wp-content\/uploads\/2019\/02\/PicsArt_02-08-01.10.32.png?resize=1050%2C600&ssl=1 3x, https:\/\/i0.wp.com\/diariopolitico.com.br\/arquivo\/wp-content\/uploads\/2019\/02\/PicsArt_02-08-01.10.32.png?resize=1400%2C800&ssl=1 4x"},"classes":[]},{"id":72,"url":"https:\/\/diariopolitico.com.br\/arquivo\/?p=72","url_meta":{"origin":1467,"position":3},"title":"Em greve, servidores da Sa\u00fade e professores da UERN fazem manifesta\u00e7\u00e3o em Natal.","author":"Diario Politico","date":"13 13America\/Recife novembro 13America\/Recife 2017","format":false,"excerpt":"Servidores da Sa\u00fade e professores da Universidade Estadual do Rio Grande do Norte realizaram uma manifesta\u00e7\u00e3o na manh\u00e3 desta segunda-feira (13), em Natal, em protesto contra atraso no pagamento dos sal\u00e1rios. O movimento fechou a Governadoria - sede do Poder Executivo Estadual e houve acirramento de \u00e2nimos durante uma tentativa\u2026","rel":"","context":"Em &quot;GREVE&quot;","block_context":{"text":"GREVE","link":"https:\/\/diariopolitico.com.br\/arquivo\/?cat=32"},"img":{"alt_text":"","src":"https:\/\/i0.wp.com\/2.bp.blogspot.com\/-r2WthK5X5hw\/WgnQDPQmDEI\/AAAAAAAAYXY\/j8GVoFbeHk4Sq9Cy3_3XF_QiJklQbLYyACLcBGAs\/s400\/whatsapp-image-2017-11-13-at-12.41.45.jpeg?resize=350%2C200&ssl=1","width":350,"height":200},"classes":[]},{"id":354,"url":"https:\/\/diariopolitico.com.br\/arquivo\/?p=354","url_meta":{"origin":1467,"position":4},"title":"SINDSA\u00daDE garante parar atendimentos no RN.","author":"Von\u00favio Praxedes","date":"27 27America\/Recife agosto 27America\/Recife 2018","format":false,"excerpt":"A categoria ainda sofre com os atrasos seguidos de sal\u00e1rios, que acontecem desde janeiro de 2016. O Sindicato dos Servidores da Sa\u00fade P\u00fablica Estadual avisa que vai realizar nova paralisa\u00e7\u00e3o na Sa\u00fade P\u00fablica do Rio Grande do Norte, reivindicando a conclus\u00e3o do pagamento do 13\u00ba de 2017. Com a paralisa\u00e7\u00e3o,\u2026","rel":"","context":"Em &quot;Folha de Pagamento&quot;","block_context":{"text":"Folha de Pagamento","link":"https:\/\/diariopolitico.com.br\/arquivo\/?cat=15"},"img":{"alt_text":"","src":"","width":0,"height":0},"classes":[]},{"id":67,"url":"https:\/\/diariopolitico.com.br\/arquivo\/?p=67","url_meta":{"origin":1467,"position":5},"title":"Governo do RN emite nota sobre corredores vazios do HRTM e esquece de citar greve de servidores da sa\u00fade.","author":"Diario Politico","date":"16 16America\/Recife novembro 16America\/Recife 2017","format":false,"excerpt":"A greve dos servidores da sa\u00fade do RN come\u00e7ou na segunda-feira, dia 13 de novembro. Os trabalhadores cobram o pagamento dos sal\u00e1rios em dia e a constru\u00e7\u00e3o de um calend\u00e1rio para garantir esses pagamentos mensalmente sem atrasos. Uma estrat\u00e9gia do comando de greve do sindsa\u00fade foi de fazer uma regula\u00e7\u00e3o\u2026","rel":"","context":"Em &quot;Sa\u00fade&quot;","block_context":{"text":"Sa\u00fade","link":"https:\/\/diariopolitico.com.br\/arquivo\/?cat=33"},"img":{"alt_text":"","src":"https:\/\/i0.wp.com\/lh3.googleusercontent.com\/-2C7mwA0lqzg\/Wg4lIp78g_I\/AAAAAAAAYck\/f7YQBJZFaq0IxgbnvMXE_q6DTbmlvXikgCHMYCw\/s400\/1.jpg?resize=350%2C200&ssl=1","width":350,"height":200},"classes":[]}],"_links":{"self":[{"href":"https:\/\/diariopolitico.com.br\/arquivo\/index.php?rest_route=\/wp\/v2\/posts\/1467","targetHints":{"allow":["GET"]}}],"collection":[{"href":"https:\/\/diariopolitico.com.br\/arquivo\/index.php?rest_route=\/wp\/v2\/posts"}],"about":[{"href":"https:\/\/diariopolitico.com.br\/arquivo\/index.php?rest_route=\/wp\/v2\/types\/post"}],"author":[{"embeddable":true,"href":"https:\/\/diariopolitico.com.br\/arquivo\/index.php?rest_route=\/wp\/v2\/users\/1"}],"replies":[{"embeddable":true,"href":"https:\/\/diariopolitico.com.br\/arquivo\/index.php?rest_route=%2Fwp%2Fv2%2Fcomments&post=1467"}],"version-history":[{"count":1,"href":"https:\/\/diariopolitico.com.br\/arquivo\/index.php?rest_route=\/wp\/v2\/posts\/1467\/revisions"}],"predecessor-version":[{"id":1468,"href":"https:\/\/diariopolitico.com.br\/arquivo\/index.php?rest_route=\/wp\/v2\/posts\/1467\/revisions\/1468"}],"wp:attachment":[{"href":"https:\/\/diariopolitico.com.br\/arquivo\/index.php?rest_route=%2Fwp%2Fv2%2Fmedia&parent=1467"}],"wp:term":[{"taxonomy":"category","embeddable":true,"href":"https:\/\/diariopolitico.com.br\/arquivo\/index.php?rest_route=%2Fwp%2Fv2%2Fcategories&post=1467"},{"taxonomy":"post_tag","embeddable":true,"href":"https:\/\/diariopolitico.com.br\/arquivo\/index.php?rest_route=%2Fwp%2Fv2%2Ftags&post=1467"}],"curies":[{"name":"wp","href":"https:\/\/api.w.org\/{rel}","templated":true}]}}