{"id":12163,"date":"2022-04-06T11:55:59","date_gmt":"2022-04-06T14:55:59","guid":{"rendered":"http:\/\/diariopolitico.com.br\/?p=12163"},"modified":"2022-04-06T15:21:04","modified_gmt":"2022-04-06T18:21:04","slug":"em-assembleia-servidores-da-educacao-nao-aprovam-greve","status":"publish","type":"post","link":"https:\/\/diariopolitico.com.br\/arquivo\/?p=12163","title":{"rendered":"Em assembleia, servidores da educa\u00e7\u00e3o de Mossor\u00f3 n\u00e3o aprovam greve; veja v\u00eddeo da vota\u00e7\u00e3o"},"content":{"rendered":"<p>Foi aprovada pelo setor jur\u00eddico da Prefeitura de Mossor\u00f3 uma das tr\u00eas alternativas propostas pelo Sindicato dos Servidores P\u00fablicos Municipais de Mossor\u00f3 no of\u00edcio n\u00ba 19\/2022, do dia 1\u00ba deste m\u00eas, para restabelecer a reda\u00e7\u00e3o original da lei n\u00ba 070\/2012 e garantindo que \u201cO vencimento da Classe 10, do n\u00edvel II, ser\u00e1 40% (quarenta por cento) superior ao da Classe 10, do n\u00edvel I\u201d (Confira documento na \u00edntegra abaixo).<\/p>\n<p>A nova reda\u00e7\u00e3o foi apresentada na manh\u00e3 desta quarta-feira (06\/03) e votada em assembleia e dever\u00e1 ser aprovada tamb\u00e9m na C\u00e2mara em uma sess\u00e3o extraordin\u00e1ria ainda hoje. Com isto, a possibilidade de greve foi descartada pelos professores neste momento.<\/p>\n<p>\u201cFoi o reconhecimento de que sempre estivemos certos em nossos argumentos, tanto que a lei foi alterada a partir de nossas sugest\u00f5es. Foi uma vit\u00f3ria contra quem propagou e ainda est\u00e1 propagando not\u00edcias falsas contra os reais interesses do Sindiserpum, que \u00e9 o da manuten\u00e7\u00e3o dos direitos dos servidores e foi tamb\u00e9m uma vit\u00f3ria dos professores, que demonstraram que est\u00e3o sempre atentos a qualquer tentativa de retirada dos seus direitos e prontos para a defesa quando necess\u00e1rio\u201d, disse Eliete Vieira, presidente do Sindiserpum.<\/p>\n<p>Veja no v\u00eddeo abaixo momento da vota\u00e7\u00e3o:<\/p>\n<p><iframe loading=\"lazy\" title=\"Vota\u00e7\u00e3o dos servidores da educa\u00e7\u00e3o rejeitando greve em Mossor\u00f3\" width=\"525\" height=\"295\" src=\"https:\/\/www.youtube.com\/embed\/rbjFuJxed3c?feature=oembed\" frameborder=\"0\" allow=\"accelerometer; autoplay; clipboard-write; encrypted-media; gyroscope; picture-in-picture; web-share\" referrerpolicy=\"strict-origin-when-cross-origin\" allowfullscreen><\/iframe><\/p>\n<p><img loading=\"lazy\" decoding=\"async\" class=\"aligncenter wp-image-12169 size-full\" src=\"http:\/\/diariopolitico.com.br\/wp-content\/uploads\/2022\/04\/cats.jpg\" alt=\"\" width=\"418\" height=\"449\" srcset=\"https:\/\/diariopolitico.com.br\/arquivo\/wp-content\/uploads\/2022\/04\/cats.jpg 418w, https:\/\/diariopolitico.com.br\/arquivo\/wp-content\/uploads\/2022\/04\/cats-279x300.jpg 279w\" sizes=\"auto, (max-width: 418px) 100vw, 418px\" \/><\/p>\n<figure id=\"attachment_12168\" aria-describedby=\"caption-attachment-12168\" style=\"width: 1024px\" class=\"wp-caption aligncenter\"><img loading=\"lazy\" decoding=\"async\" class=\"wp-image-12168 size-large\" src=\"http:\/\/diariopolitico.com.br\/wp-content\/uploads\/2022\/04\/WhatsApp-Image-2022-04-06-at-09.22.36-1024x768.jpeg\" alt=\"\" width=\"1024\" height=\"768\" srcset=\"https:\/\/diariopolitico.com.br\/arquivo\/wp-content\/uploads\/2022\/04\/WhatsApp-Image-2022-04-06-at-09.22.36-1024x768.jpeg 1024w, https:\/\/diariopolitico.com.br\/arquivo\/wp-content\/uploads\/2022\/04\/WhatsApp-Image-2022-04-06-at-09.22.36-300x225.jpeg 300w, https:\/\/diariopolitico.com.br\/arquivo\/wp-content\/uploads\/2022\/04\/WhatsApp-Image-2022-04-06-at-09.22.36-768x576.jpeg 768w, https:\/\/diariopolitico.com.br\/arquivo\/wp-content\/uploads\/2022\/04\/WhatsApp-Image-2022-04-06-at-09.22.36-555x416.jpeg 555w, https:\/\/diariopolitico.com.br\/arquivo\/wp-content\/uploads\/2022\/04\/WhatsApp-Image-2022-04-06-at-09.22.36-1110x833.jpeg 1110w, https:\/\/diariopolitico.com.br\/arquivo\/wp-content\/uploads\/2022\/04\/WhatsApp-Image-2022-04-06-at-09.22.36-600x450.jpeg 600w, https:\/\/diariopolitico.com.br\/arquivo\/wp-content\/uploads\/2022\/04\/WhatsApp-Image-2022-04-06-at-09.22.36-1200x900.jpeg 1200w, https:\/\/diariopolitico.com.br\/arquivo\/wp-content\/uploads\/2022\/04\/WhatsApp-Image-2022-04-06-at-09.22.36.jpeg 1600w\" sizes=\"auto, (max-width: 706px) 89vw, (max-width: 767px) 82vw, 740px\" \/><figcaption id=\"caption-attachment-12168\" class=\"wp-caption-text\">Assembleia dos servidores da educa\u00e7\u00e3o &#8211; foto: Nath\u00e1lia Reboubas\/TCM<\/figcaption><\/figure>\n","protected":false},"excerpt":{"rendered":"<p>Foi aprovada pelo setor jur\u00eddico da Prefeitura de Mossor\u00f3 uma das tr\u00eas alternativas propostas pelo Sindicato dos Servidores P\u00fablicos Municipais de Mossor\u00f3 no of\u00edcio n\u00ba 19\/2022, do dia 1\u00ba deste m\u00eas, para restabelecer a reda\u00e7\u00e3o original da lei n\u00ba 070\/2012 e garantindo que \u201cO vencimento da Classe 10, do n\u00edvel II, ser\u00e1 40% (quarenta por &hellip; <\/p>\n<p class=\"link-more\"><a href=\"https:\/\/diariopolitico.com.br\/arquivo\/?p=12163\" class=\"more-link\">Continue lendo<span class=\"screen-reader-text\"> &#8220;Em assembleia, servidores da educa\u00e7\u00e3o de Mossor\u00f3 n\u00e3o aprovam greve; veja v\u00eddeo da vota\u00e7\u00e3o&#8221;<\/span><\/a><\/p>\n","protected":false},"author":1,"featured_media":0,"comment_status":"open","ping_status":"open","sticky":false,"template":"","format":"standard","meta":{"jetpack_post_was_ever_published":false,"_jetpack_newsletter_access":"","_jetpack_dont_email_post_to_subs":false,"_jetpack_newsletter_tier_id":0,"_jetpack_memberships_contains_paywalled_content":false,"_jetpack_memberships_contains_paid_content":false,"footnotes":"","jetpack_publicize_message":"","jetpack_publicize_feature_enabled":true,"jetpack_social_post_already_shared":true,"jetpack_social_options":{"image_generator_settings":{"template":"highway","default_image_id":0,"font":"","enabled":false},"version":2}},"categories":[30,32,105,26,34],"tags":[375,51,693],"class_list":["post-12163","post","type-post","status-publish","format-standard","hentry","category-educacao","category-greve","category-mossoro","category-prefeitura-de-mossoro","category-sindiserpum","tag-greve","tag-mossoro","tag-sindiserpum"],"jetpack_publicize_connections":[],"jetpack_featured_media_url":"","jetpack_sharing_enabled":true,"jetpack_shortlink":"https:\/\/wp.me\/p9Xjoc-3ab","jetpack-related-posts":[{"id":1577,"url":"https:\/\/diariopolitico.com.br\/arquivo\/?p=1577","url_meta":{"origin":12163,"position":0},"title":"Acabou a greve da educa\u00e7\u00e3o em Mossor\u00f3","author":"Von\u00favio Praxedes","date":"17 17America\/Recife abril 17America\/Recife 2019","format":false,"excerpt":"Durante assembleia realizada na manh\u00e3 desta quarta-feira, 17\/04, as professoras e professores da rede municipal de ensino aprovaram o fim da greve iniciada em 8 de mar\u00e7o. O acordo veio depois de uma audi\u00eancia entre Prefeitura e sindicato por interm\u00e9dio do Minist\u00e9rio P\u00fablico Estadual ocorrida na tarde dessa ter\u00e7a-feira, 16\u2026","rel":"","context":"Em &quot;Educa\u00e7\u00e3o&quot;","block_context":{"text":"Educa\u00e7\u00e3o","link":"https:\/\/diariopolitico.com.br\/arquivo\/?cat=30"},"img":{"alt_text":"","src":"https:\/\/i0.wp.com\/diariopolitico.com.br\/arquivo\/wp-content\/uploads\/2019\/04\/IMG-20190417-WA0017.jpg?resize=350%2C200&ssl=1","width":350,"height":200,"srcset":"https:\/\/i0.wp.com\/diariopolitico.com.br\/arquivo\/wp-content\/uploads\/2019\/04\/IMG-20190417-WA0017.jpg?resize=350%2C200&ssl=1 1x, https:\/\/i0.wp.com\/diariopolitico.com.br\/arquivo\/wp-content\/uploads\/2019\/04\/IMG-20190417-WA0017.jpg?resize=525%2C300&ssl=1 1.5x, https:\/\/i0.wp.com\/diariopolitico.com.br\/arquivo\/wp-content\/uploads\/2019\/04\/IMG-20190417-WA0017.jpg?resize=700%2C400&ssl=1 2x, https:\/\/i0.wp.com\/diariopolitico.com.br\/arquivo\/wp-content\/uploads\/2019\/04\/IMG-20190417-WA0017.jpg?resize=1050%2C600&ssl=1 3x"},"classes":[]},{"id":11839,"url":"https:\/\/diariopolitico.com.br\/arquivo\/?p=11839","url_meta":{"origin":12163,"position":1},"title":"Em assembleia, Servidores de Mossor\u00f3 aprovam indicativo de greve; veja data","author":"Von\u00favio Praxedes","date":"23 23America\/Recife mar\u00e7o 23America\/Recife 2022","format":false,"excerpt":"Ap\u00f3s a audi\u00eancia na tarde dessa ter\u00e7a-feira (22\/03) no Pal\u00e1cio da Resist\u00eancia com a Prefeitura, o sindicato dos servidores p\u00fablicos de Mossor\u00f3 realiza assembleia no audit\u00f3rio da esta\u00e7\u00e3o das artes na manh\u00e3 desta quarta-feira (23\/03). Os trabalhadores decidiram por indicativo de greve para dia 29 deste m\u00eas de mar\u00e7o. Presentes\u2026","rel":"","context":"Em &quot;Mossor\u00f3&quot;","block_context":{"text":"Mossor\u00f3","link":"https:\/\/diariopolitico.com.br\/arquivo\/?cat=105"},"img":{"alt_text":"","src":"https:\/\/i0.wp.com\/diariopolitico.com.br\/wp-content\/uploads\/2022\/03\/WhatsApp-Image-2022-03-23-at-08.47.16-1024x768.jpeg?resize=350%2C200","width":350,"height":200,"srcset":"https:\/\/i0.wp.com\/diariopolitico.com.br\/wp-content\/uploads\/2022\/03\/WhatsApp-Image-2022-03-23-at-08.47.16-1024x768.jpeg?resize=350%2C200 1x, https:\/\/i0.wp.com\/diariopolitico.com.br\/wp-content\/uploads\/2022\/03\/WhatsApp-Image-2022-03-23-at-08.47.16-1024x768.jpeg?resize=525%2C300 1.5x, https:\/\/i0.wp.com\/diariopolitico.com.br\/wp-content\/uploads\/2022\/03\/WhatsApp-Image-2022-03-23-at-08.47.16-1024x768.jpeg?resize=700%2C400 2x"},"classes":[]},{"id":1206,"url":"https:\/\/diariopolitico.com.br\/arquivo\/?p=1206","url_meta":{"origin":12163,"position":2},"title":"Aprovado indicativo de GREVE de professores do munic\u00edpio de Mossor\u00f3","author":"Von\u00favio Praxedes","date":"14 14America\/Recife fevereiro 14America\/Recife 2019","format":false,"excerpt":"Foi deliberado em assembleia dos professores da rede municipal na manh\u00e3 desta quinta-feira, 14\/02, al\u00e9m da parada de advert\u00eancia dia 20 que a categoria aguardar\u00e1 at\u00e9 o dia 26 deste m\u00eas que a PMM estabele\u00e7a um di\u00e1logo com o Sindiserpum. No dia 27, uma nova assembleia est\u00e1 marcada onde poder\u00e1\u2026","rel":"","context":"Em &quot;Educa\u00e7\u00e3o&quot;","block_context":{"text":"Educa\u00e7\u00e3o","link":"https:\/\/diariopolitico.com.br\/arquivo\/?cat=30"},"img":{"alt_text":"","src":"https:\/\/i0.wp.com\/diariopolitico.com.br\/arquivo\/wp-content\/uploads\/2019\/02\/PicsArt_02-14-03.28.05.jpg?resize=350%2C200&ssl=1","width":350,"height":200,"srcset":"https:\/\/i0.wp.com\/diariopolitico.com.br\/arquivo\/wp-content\/uploads\/2019\/02\/PicsArt_02-14-03.28.05.jpg?resize=350%2C200&ssl=1 1x, https:\/\/i0.wp.com\/diariopolitico.com.br\/arquivo\/wp-content\/uploads\/2019\/02\/PicsArt_02-14-03.28.05.jpg?resize=525%2C300&ssl=1 1.5x, https:\/\/i0.wp.com\/diariopolitico.com.br\/arquivo\/wp-content\/uploads\/2019\/02\/PicsArt_02-14-03.28.05.jpg?resize=700%2C400&ssl=1 2x, https:\/\/i0.wp.com\/diariopolitico.com.br\/arquivo\/wp-content\/uploads\/2019\/02\/PicsArt_02-14-03.28.05.jpg?resize=1050%2C600&ssl=1 3x, https:\/\/i0.wp.com\/diariopolitico.com.br\/arquivo\/wp-content\/uploads\/2019\/02\/PicsArt_02-14-03.28.05.jpg?resize=1400%2C800&ssl=1 4x"},"classes":[]},{"id":12140,"url":"https:\/\/diariopolitico.com.br\/arquivo\/?p=12140","url_meta":{"origin":12163,"position":3},"title":"Prefeitura de Mossor\u00f3 e Sindiserpum chegam a consenso sobre lei do reajuste dos professores","author":"Von\u00favio Praxedes","date":"5 05America\/Recife abril 05America\/Recife 2022","format":false,"excerpt":"Via assessoria PMM As equipes jur\u00eddicas da Prefeitura Municipal de Mossor\u00f3 e do Sindicato dos Servidores P\u00fablicos Municipais (Sindiserpum) reuniram-se nesta ter\u00e7a-feira (5). Chegaram a um consenso quanto \u00e0 Lei Complementar n\u00ba 174\/2022, que trata do reajuste salarial de 33,67% dos professores da rede municipal de ensino. O munic\u00edpio e\u2026","rel":"","context":"Em &quot;Educa\u00e7\u00e3o&quot;","block_context":{"text":"Educa\u00e7\u00e3o","link":"https:\/\/diariopolitico.com.br\/arquivo\/?cat=30"},"img":{"alt_text":"","src":"","width":0,"height":0},"classes":[]},{"id":1252,"url":"https:\/\/diariopolitico.com.br\/arquivo\/?p=1252","url_meta":{"origin":12163,"position":4},"title":"Professores municipais de Mossor\u00f3 votar\u00e3o indicativo de GREVE em assembleia nesta quarta-feira (27\/02)","author":"Von\u00favio Praxedes","date":"26 26America\/Recife fevereiro 26America\/Recife 2019","format":false,"excerpt":"Os professores da rede municipal de ensino votar\u00e3o nesta quarta-feira (27\/02) indicativo de GREVE diante da falta de reajuste do Piso da categoria e da falta de abertura de di\u00e1logo da gest\u00e3o Rosalba Ciarlini com o Sindicato dos Servidores P\u00fablicos Municipais de Mossor\u00f3 (Sindiserpum). A assembleia acontece a partir das\u2026","rel":"","context":"Em &quot;Educa\u00e7\u00e3o&quot;","block_context":{"text":"Educa\u00e7\u00e3o","link":"https:\/\/diariopolitico.com.br\/arquivo\/?cat=30"},"img":{"alt_text":"","src":"","width":0,"height":0},"classes":[]},{"id":2206,"url":"https:\/\/diariopolitico.com.br\/arquivo\/?p=2206","url_meta":{"origin":12163,"position":5},"title":"Prefeitura de Mossor\u00f3 vai desrespeitar o Minist\u00e9rio P\u00fablico?","author":"Von\u00favio Praxedes","date":"24 24America\/Recife julho 24America\/Recife 2019","format":false,"excerpt":"O Sindiserpum - Sindicato que representa os servidores p\u00fablicos municipais de Mossor\u00f3 - fez este questionamento acima por meio de nota divulgada nas redes sociais. \u00c9 que o executivo mossoroense ainda n\u00e3o confirmou a audi\u00eancia que ficou acertada desde o fim da greve da educa\u00e7\u00e3o em abril entre Prefeitura e\u2026","rel":"","context":"Em &quot;Educa\u00e7\u00e3o&quot;","block_context":{"text":"Educa\u00e7\u00e3o","link":"https:\/\/diariopolitico.com.br\/arquivo\/?cat=30"},"img":{"alt_text":"","src":"","width":0,"height":0},"classes":[]}],"_links":{"self":[{"href":"https:\/\/diariopolitico.com.br\/arquivo\/index.php?rest_route=\/wp\/v2\/posts\/12163","targetHints":{"allow":["GET"]}}],"collection":[{"href":"https:\/\/diariopolitico.com.br\/arquivo\/index.php?rest_route=\/wp\/v2\/posts"}],"about":[{"href":"https:\/\/diariopolitico.com.br\/arquivo\/index.php?rest_route=\/wp\/v2\/types\/post"}],"author":[{"embeddable":true,"href":"https:\/\/diariopolitico.com.br\/arquivo\/index.php?rest_route=\/wp\/v2\/users\/1"}],"replies":[{"embeddable":true,"href":"https:\/\/diariopolitico.com.br\/arquivo\/index.php?rest_route=%2Fwp%2Fv2%2Fcomments&post=12163"}],"version-history":[{"count":3,"href":"https:\/\/diariopolitico.com.br\/arquivo\/index.php?rest_route=\/wp\/v2\/posts\/12163\/revisions"}],"predecessor-version":[{"id":12174,"href":"https:\/\/diariopolitico.com.br\/arquivo\/index.php?rest_route=\/wp\/v2\/posts\/12163\/revisions\/12174"}],"wp:attachment":[{"href":"https:\/\/diariopolitico.com.br\/arquivo\/index.php?rest_route=%2Fwp%2Fv2%2Fmedia&parent=12163"}],"wp:term":[{"taxonomy":"category","embeddable":true,"href":"https:\/\/diariopolitico.com.br\/arquivo\/index.php?rest_route=%2Fwp%2Fv2%2Fcategories&post=12163"},{"taxonomy":"post_tag","embeddable":true,"href":"https:\/\/diariopolitico.com.br\/arquivo\/index.php?rest_route=%2Fwp%2Fv2%2Ftags&post=12163"}],"curies":[{"name":"wp","href":"https:\/\/api.w.org\/{rel}","templated":true}]}}