{"id":11807,"date":"2022-03-22T08:04:18","date_gmt":"2022-03-22T11:04:18","guid":{"rendered":"http:\/\/diariopolitico.com.br\/?p=11807"},"modified":"2022-03-22T08:04:18","modified_gmt":"2022-03-22T11:04:18","slug":"influencer-que-foi-agredida-por-dj-devera-ser-candidata-no-ceara","status":"publish","type":"post","link":"https:\/\/diariopolitico.com.br\/arquivo\/?p=11807","title":{"rendered":"Influencer que foi agredida por DJ dever\u00e1 ser candidata no Cear\u00e1"},"content":{"rendered":"<p>P\u00e2mella Holanda, ex-mulher do DJ Ivis, filiou-se ao PL (Partido Liberal) &#8211; mesmo partido de Bolsonaro &#8211; nessa segunda-feira (21\/03) e pode concorrer a deputada federal pelo Estado do Cear\u00e1, local onde mora.<\/p>\n<p>O fato foi noticiado pelas redes sociais da sigla, a digital influencer \u201cdisponibiliza seu nome para disputar as elei\u00e7\u00f5es de 2022 pelo partido\u201d. Na publica\u00e7\u00e3o, o partido ainda exaltou que que \u201co PL Cear\u00e1 segue fortalecido tanto para disputa eleitoral como para exercer a defesa constante e firme dos direitos da mulher\u201d.<\/p>\n<p>A legenda na publica\u00e7\u00e3o das redes sociais do PL cearense diz o seguinte: &#8220;O PL Cear\u00e1 recebeu nesta segunda-feira (21\/03) a filia\u00e7\u00e3o da digital influencer P\u00e2mella Holanda, que disponibiliza seu nome para ser candidata nas elei\u00e7\u00f5es de 2022 pelo partido. Dessa forma, o PL Cear\u00e1 segue fortalecido tanto para disputa eleitoral como para exercer a defesa constante e firme dos direitos da mulher. Na imagem, P\u00e2mella est\u00e1 ao lado do presidente do PL Cear\u00e1, Dr. Acilon Gon\u00e7alves, e do deputado federal J\u00fanior Mano&#8221;.<\/p>\n<p>Pamella Holanda foi v\u00edtima de viol\u00eancia dom\u00e9stica em 2021 por parte do ent\u00e3o marido, DJ Ivis, que acabou sendo preso por tr\u00eas meses ap\u00f3s imagens da agress\u00e3o virem \u00e0 tona nas redes sociais e canais de televis\u00e3o.<\/p>\n<figure id=\"attachment_11808\" aria-describedby=\"caption-attachment-11808\" style=\"width: 899px\" class=\"wp-caption aligncenter\"><img loading=\"lazy\" decoding=\"async\" class=\"wp-image-11808 size-full\" src=\"http:\/\/diariopolitico.com.br\/wp-content\/uploads\/2022\/03\/WhatsApp-Image-2022-03-22-at-07.56.02.jpeg\" alt=\"\" width=\"899\" height=\"899\" srcset=\"https:\/\/diariopolitico.com.br\/arquivo\/wp-content\/uploads\/2022\/03\/WhatsApp-Image-2022-03-22-at-07.56.02.jpeg 899w, https:\/\/diariopolitico.com.br\/arquivo\/wp-content\/uploads\/2022\/03\/WhatsApp-Image-2022-03-22-at-07.56.02-150x150.jpeg 150w, https:\/\/diariopolitico.com.br\/arquivo\/wp-content\/uploads\/2022\/03\/WhatsApp-Image-2022-03-22-at-07.56.02-300x300.jpeg 300w, https:\/\/diariopolitico.com.br\/arquivo\/wp-content\/uploads\/2022\/03\/WhatsApp-Image-2022-03-22-at-07.56.02-768x768.jpeg 768w, https:\/\/diariopolitico.com.br\/arquivo\/wp-content\/uploads\/2022\/03\/WhatsApp-Image-2022-03-22-at-07.56.02-50x50.jpeg 50w, https:\/\/diariopolitico.com.br\/arquivo\/wp-content\/uploads\/2022\/03\/WhatsApp-Image-2022-03-22-at-07.56.02-555x555.jpeg 555w, https:\/\/diariopolitico.com.br\/arquivo\/wp-content\/uploads\/2022\/03\/WhatsApp-Image-2022-03-22-at-07.56.02-600x600.jpeg 600w\" sizes=\"auto, (max-width: 706px) 89vw, (max-width: 767px) 82vw, 740px\" \/><figcaption id=\"caption-attachment-11808\" class=\"wp-caption-text\">Pamella Holanda filia-se ao PL ao lado do presidente do PL Cear\u00e1, Dr. Acilon Gon\u00e7alves, e do deputado federal J\u00fanior Mano &#8211; foto: redes sociais<\/figcaption><\/figure>\n","protected":false},"excerpt":{"rendered":"<p>P\u00e2mella Holanda, ex-mulher do DJ Ivis, filiou-se ao PL (Partido Liberal) &#8211; mesmo partido de Bolsonaro &#8211; nessa segunda-feira (21\/03) e pode concorrer a deputada federal pelo Estado do Cear\u00e1, local onde mora. O fato foi noticiado pelas redes sociais da sigla, a digital influencer \u201cdisponibiliza seu nome para disputar as elei\u00e7\u00f5es de 2022 pelo &hellip; <\/p>\n<p class=\"link-more\"><a href=\"https:\/\/diariopolitico.com.br\/arquivo\/?p=11807\" class=\"more-link\">Continue lendo<span class=\"screen-reader-text\"> &#8220;Influencer que foi agredida por DJ dever\u00e1 ser candidata no Cear\u00e1&#8221;<\/span><\/a><\/p>\n","protected":false},"author":1,"featured_media":0,"comment_status":"open","ping_status":"open","sticky":false,"template":"","format":"standard","meta":{"jetpack_post_was_ever_published":false,"_jetpack_newsletter_access":"","_jetpack_dont_email_post_to_subs":false,"_jetpack_newsletter_tier_id":0,"_jetpack_memberships_contains_paywalled_content":false,"_jetpack_memberships_contains_paid_content":false,"footnotes":"","jetpack_publicize_message":"","jetpack_publicize_feature_enabled":true,"jetpack_social_post_already_shared":true,"jetpack_social_options":{"image_generator_settings":{"template":"highway","default_image_id":0,"font":"","enabled":false},"version":2}},"categories":[765],"tags":[766],"class_list":["post-11807","post","type-post","status-publish","format-standard","hentry","category-eleicoes-2022","tag-eleicoes-2022"],"jetpack_publicize_connections":[],"jetpack_featured_media_url":"","jetpack_sharing_enabled":true,"jetpack_shortlink":"https:\/\/wp.me\/p9Xjoc-34r","jetpack-related-posts":[{"id":6173,"url":"https:\/\/diariopolitico.com.br\/arquivo\/?p=6173","url_meta":{"origin":11807,"position":0},"title":"PL de Jorge do Ros\u00e1rio est\u00e1 oficialmente com Rosalba","author":"Von\u00favio Praxedes","date":"11 11America\/Recife setembro 11America\/Recife 2020","format":false,"excerpt":"Nas elei\u00e7\u00f5es de 2016 Jorge do Ros\u00e1rio (PL) era candidato a vice na chapa encabe\u00e7ada por Ti\u00e3o Couto. A disputa foi polarizada com Rosalba Ciarlini. Passados quatro anos Jorge e seu partido declaram apoio ao projeto de reelei\u00e7\u00e3o da Prefeita Rosalba. A confirma\u00e7\u00e3o veio por meio de nota publicada nas\u2026","rel":"","context":"Em &quot;Elei\u00e7\u00f5es 2020&quot;","block_context":{"text":"Elei\u00e7\u00f5es 2020","link":"https:\/\/diariopolitico.com.br\/arquivo\/?cat=174"},"img":{"alt_text":"","src":"https:\/\/i0.wp.com\/diariopolitico.com.br\/wp-content\/uploads\/2020\/09\/repost_photo3579832924382337474.jpg?resize=350%2C200","width":350,"height":200,"srcset":"https:\/\/i0.wp.com\/diariopolitico.com.br\/wp-content\/uploads\/2020\/09\/repost_photo3579832924382337474.jpg?resize=350%2C200 1x, https:\/\/i0.wp.com\/diariopolitico.com.br\/wp-content\/uploads\/2020\/09\/repost_photo3579832924382337474.jpg?resize=525%2C300 1.5x, https:\/\/i0.wp.com\/diariopolitico.com.br\/wp-content\/uploads\/2020\/09\/repost_photo3579832924382337474.jpg?resize=700%2C400 2x"},"classes":[]},{"id":5860,"url":"https:\/\/diariopolitico.com.br\/arquivo\/?p=5860","url_meta":{"origin":11807,"position":1},"title":"Prefeito de Apodi anuncia pr\u00e9-candidato a vice","author":"Von\u00favio Praxedes","date":"11 11America\/Recife agosto 11America\/Recife 2020","format":false,"excerpt":"O prefeito de Apodi e pr\u00e9-candidato a reelei\u00e7\u00e3o Alan Silveira (MDB) disse estar preparado para enfrentar mais uma campanha. A declara\u00e7\u00e3o foi feita, na noite dessa segunda-feira (10\/08), durante transmiss\u00e3o ao vivo nas redes sociais para anunciar quem seria o pr\u00e9-candidato a vice-prefeito. O an\u00fancio confirmou Neilton Di\u00f3genes do PL\u2026","rel":"","context":"Em &quot;Apodi&quot;","block_context":{"text":"Apodi","link":"https:\/\/diariopolitico.com.br\/arquivo\/?cat=415"},"img":{"alt_text":"","src":"https:\/\/i0.wp.com\/diariopolitico.com.br\/arquivo\/wp-content\/uploads\/2020\/08\/Alan-e-Neilton-1.jpg?resize=350%2C200&ssl=1","width":350,"height":200,"srcset":"https:\/\/i0.wp.com\/diariopolitico.com.br\/arquivo\/wp-content\/uploads\/2020\/08\/Alan-e-Neilton-1.jpg?resize=350%2C200&ssl=1 1x, https:\/\/i0.wp.com\/diariopolitico.com.br\/arquivo\/wp-content\/uploads\/2020\/08\/Alan-e-Neilton-1.jpg?resize=525%2C300&ssl=1 1.5x, https:\/\/i0.wp.com\/diariopolitico.com.br\/arquivo\/wp-content\/uploads\/2020\/08\/Alan-e-Neilton-1.jpg?resize=700%2C400&ssl=1 2x, https:\/\/i0.wp.com\/diariopolitico.com.br\/arquivo\/wp-content\/uploads\/2020\/08\/Alan-e-Neilton-1.jpg?resize=1050%2C600&ssl=1 3x, https:\/\/i0.wp.com\/diariopolitico.com.br\/arquivo\/wp-content\/uploads\/2020\/08\/Alan-e-Neilton-1.jpg?resize=1400%2C800&ssl=1 4x"},"classes":[]},{"id":12192,"url":"https:\/\/diariopolitico.com.br\/arquivo\/?p=12192","url_meta":{"origin":11807,"position":2},"title":"Outdoor em Mossor\u00f3 do Partido PL aposta no Aux\u00edlio Brasil para conquistar filiados","author":"Von\u00favio Praxedes","date":"7 07America\/Recife abril 07America\/Recife 2022","format":false,"excerpt":"O Partido Liberal (PL) que Jair Bolsonaro vai disputar a reelei\u00e7\u00e3o \u00e0 Presid\u00eancia da Rep\u00fablica, aposta no Aux\u00edlio Brasil para converter novos filiados e votos no pleito de outubro. A estrat\u00e9gia est\u00e1 evidente em outdoors espalhados. Este Di\u00e1rio Pol\u00edtico recebeu registros de um instalado em Mossor\u00f3 na avenida Abel Coelho,\u2026","rel":"","context":"Em &quot;Elei\u00e7\u00f5es 2022&quot;","block_context":{"text":"Elei\u00e7\u00f5es 2022","link":"https:\/\/diariopolitico.com.br\/arquivo\/?cat=765"},"img":{"alt_text":"","src":"https:\/\/i0.wp.com\/diariopolitico.com.br\/wp-content\/uploads\/2022\/04\/WhatsApp-Image-2022-04-07-at-09.11.38-1024x768.jpeg?resize=350%2C200","width":350,"height":200,"srcset":"https:\/\/i0.wp.com\/diariopolitico.com.br\/wp-content\/uploads\/2022\/04\/WhatsApp-Image-2022-04-07-at-09.11.38-1024x768.jpeg?resize=350%2C200 1x, https:\/\/i0.wp.com\/diariopolitico.com.br\/wp-content\/uploads\/2022\/04\/WhatsApp-Image-2022-04-07-at-09.11.38-1024x768.jpeg?resize=525%2C300 1.5x, https:\/\/i0.wp.com\/diariopolitico.com.br\/wp-content\/uploads\/2022\/04\/WhatsApp-Image-2022-04-07-at-09.11.38-1024x768.jpeg?resize=700%2C400 2x"},"classes":[]},{"id":6083,"url":"https:\/\/diariopolitico.com.br\/arquivo\/?p=6083","url_meta":{"origin":11807,"position":3},"title":"Em busca da reelei\u00e7\u00e3o Prefeita Rosalba confirma conven\u00e7\u00e3o do PP","author":"Von\u00favio Praxedes","date":"3 03America\/Recife setembro 03America\/Recife 2020","format":false,"excerpt":"Via blog C\u00e9sar Santos O Progressistas de Mossor\u00f3 realizar\u00e1 a sua conven\u00e7\u00e3o no dia 11 (n\u00famero do partido) para oficializar a candidatura \u00e0 reelei\u00e7\u00e3o da prefeita Rosalba Ciarlini e a chapa proporcional com 32 candidatos \u00e0 C\u00e2mara Municipal. A conven\u00e7\u00e3o tamb\u00e9m oficializar\u00e1 o nome do candidato ou candidata a vice-prefeito\u2026","rel":"","context":"Em &quot;Elei\u00e7\u00f5es 2020&quot;","block_context":{"text":"Elei\u00e7\u00f5es 2020","link":"https:\/\/diariopolitico.com.br\/arquivo\/?cat=174"},"img":{"alt_text":"","src":"","width":0,"height":0},"classes":[]},{"id":8205,"url":"https:\/\/diariopolitico.com.br\/arquivo\/?p=8205","url_meta":{"origin":11807,"position":4},"title":"PMB muda de nome; Bolsonaro cogita filia\u00e7\u00e3o","author":"Von\u00favio Praxedes","date":"26 26America\/Recife abril 26America\/Recife 2021","format":false,"excerpt":"Via Poder360 A diretoria do\u00a0PMB\u00a0(Partido da Mulher Brasileira) aprovou no s\u00e1bado (24\/04) a mudan\u00e7a de nome para Brasil 35. A sigla \u00e9 comandada por Su\u00ead Haidar Nogueira e \u00e9 uma das cotadas para o presidente da Rep\u00fablica, Jair Bolsonaro, se filiar. O mandat\u00e1rio est\u00e1 sem partido desde que deixou o\u2026","rel":"","context":"Em &quot;Bolsonaro&quot;","block_context":{"text":"Bolsonaro","link":"https:\/\/diariopolitico.com.br\/arquivo\/?cat=24"},"img":{"alt_text":"","src":"https:\/\/i0.wp.com\/diariopolitico.com.br\/wp-content\/uploads\/2021\/04\/Brasil-35-868x644.png?resize=350%2C200","width":350,"height":200,"srcset":"https:\/\/i0.wp.com\/diariopolitico.com.br\/wp-content\/uploads\/2021\/04\/Brasil-35-868x644.png?resize=350%2C200 1x, https:\/\/i0.wp.com\/diariopolitico.com.br\/wp-content\/uploads\/2021\/04\/Brasil-35-868x644.png?resize=525%2C300 1.5x, https:\/\/i0.wp.com\/diariopolitico.com.br\/wp-content\/uploads\/2021\/04\/Brasil-35-868x644.png?resize=700%2C400 2x"},"classes":[]},{"id":11702,"url":"https:\/\/diariopolitico.com.br\/arquivo\/?p=11702","url_meta":{"origin":11807,"position":5},"title":"Deputado General Gir\u00e3o vai concorrer a reelei\u00e7\u00e3o pelo PL","author":"Von\u00favio Praxedes","date":"16 16America\/Recife mar\u00e7o 16America\/Recife 2022","format":false,"excerpt":"Via blog Carlos Santos Eleito em 2018 pelo PSL com 81.640 votos \u00e0 C\u00e2mara dos Deputados, o general Elieser Gir\u00e3o Monteiro Filho est\u00e1 de casa partid\u00e1ria nova. Filiou-se ao Partido Liberal (PL) nessa ter\u00e7a-feira (15\/03), em Bras\u00edlia. Natural de Fortaleza-CE, 66 anos (08 de maio de 1955), o General Gir\u00e3o\u2026","rel":"","context":"Em &quot;Elei\u00e7\u00f5es 2022&quot;","block_context":{"text":"Elei\u00e7\u00f5es 2022","link":"https:\/\/diariopolitico.com.br\/arquivo\/?cat=765"},"img":{"alt_text":"","src":"https:\/\/i0.wp.com\/diariopolitico.com.br\/wp-content\/uploads\/2022\/03\/General-Gir%C3%A3o-scaled-1024x683.jpg?resize=350%2C200","width":350,"height":200,"srcset":"https:\/\/i0.wp.com\/diariopolitico.com.br\/wp-content\/uploads\/2022\/03\/General-Gir%C3%A3o-scaled-1024x683.jpg?resize=350%2C200 1x, https:\/\/i0.wp.com\/diariopolitico.com.br\/wp-content\/uploads\/2022\/03\/General-Gir%C3%A3o-scaled-1024x683.jpg?resize=525%2C300 1.5x, https:\/\/i0.wp.com\/diariopolitico.com.br\/wp-content\/uploads\/2022\/03\/General-Gir%C3%A3o-scaled-1024x683.jpg?resize=700%2C400 2x"},"classes":[]}],"_links":{"self":[{"href":"https:\/\/diariopolitico.com.br\/arquivo\/index.php?rest_route=\/wp\/v2\/posts\/11807","targetHints":{"allow":["GET"]}}],"collection":[{"href":"https:\/\/diariopolitico.com.br\/arquivo\/index.php?rest_route=\/wp\/v2\/posts"}],"about":[{"href":"https:\/\/diariopolitico.com.br\/arquivo\/index.php?rest_route=\/wp\/v2\/types\/post"}],"author":[{"embeddable":true,"href":"https:\/\/diariopolitico.com.br\/arquivo\/index.php?rest_route=\/wp\/v2\/users\/1"}],"replies":[{"embeddable":true,"href":"https:\/\/diariopolitico.com.br\/arquivo\/index.php?rest_route=%2Fwp%2Fv2%2Fcomments&post=11807"}],"version-history":[{"count":1,"href":"https:\/\/diariopolitico.com.br\/arquivo\/index.php?rest_route=\/wp\/v2\/posts\/11807\/revisions"}],"predecessor-version":[{"id":11809,"href":"https:\/\/diariopolitico.com.br\/arquivo\/index.php?rest_route=\/wp\/v2\/posts\/11807\/revisions\/11809"}],"wp:attachment":[{"href":"https:\/\/diariopolitico.com.br\/arquivo\/index.php?rest_route=%2Fwp%2Fv2%2Fmedia&parent=11807"}],"wp:term":[{"taxonomy":"category","embeddable":true,"href":"https:\/\/diariopolitico.com.br\/arquivo\/index.php?rest_route=%2Fwp%2Fv2%2Fcategories&post=11807"},{"taxonomy":"post_tag","embeddable":true,"href":"https:\/\/diariopolitico.com.br\/arquivo\/index.php?rest_route=%2Fwp%2Fv2%2Ftags&post=11807"}],"curies":[{"name":"wp","href":"https:\/\/api.w.org\/{rel}","templated":true}]}}