{"id":11801,"date":"2022-03-21T19:38:10","date_gmt":"2022-03-21T22:38:10","guid":{"rendered":"http:\/\/diariopolitico.com.br\/?p=11801"},"modified":"2022-03-21T19:38:10","modified_gmt":"2022-03-21T22:38:10","slug":"prefeito-destaca-potenciais-de-mossoro-em-encontro-do-ministerio-do-desenvolvimento-regional","status":"publish","type":"post","link":"https:\/\/diariopolitico.com.br\/arquivo\/?p=11801","title":{"rendered":"Prefeito destaca potenciais de Mossor\u00f3 em encontro do Minist\u00e9rio do Desenvolvimento Regional"},"content":{"rendered":"<p>O prefeito de Mossor\u00f3 Allyson Bezerra destacou os potenciais do munic\u00edpio durante a abertura do I Encontro dos Munic\u00edpios-Polo do G52, evento promovido pelo Minist\u00e9rio do Desenvolvimento Regional (MDR) e Superintend\u00eancia do Desenvolvimento do Nordeste (Sudene) nesta segunda-feira (21), em Natal.<\/p>\n<p>O encontro de gestores, ocorrido pela primeira vez de forma presencial, tem como objetivo ampliar o acesso a pol\u00edticas p\u00fablicas, instrumentos de financiamento, al\u00e9m de propiciar um ambiente de articula\u00e7\u00e3o de projetos.<\/p>\n<p>&#8220;Mossor\u00f3 \u00e9 uma cidade polo para a regi\u00e3o Oeste e \u00e9 o maior munic\u00edpio do interior, recebendo inclusive, demandas dos estados vizinhos Cear\u00e1 e Para\u00edba. Esse encontro \u00e9 muito importante pela troca de experi\u00eancias que possibilita sobre energias, mobilidade urbana e diversos temas. Do ponto de vista de servi\u00e7os, Mossor\u00f3 se destaca ofertando para toda uma regi\u00e3o. Nosso munic\u00edpio \u00e9 polo universit\u00e1rio, com a Uern, Ufersa, Unp e outras universidades, que acabam atraindo estudantes universit\u00e1rios de todo o pa\u00eds&#8221;, destacou o gestor.<\/p>\n<p>As 52 cidades representadas no encontro foram mapeadas pela Sudene para a constru\u00e7\u00e3o de uma estrat\u00e9gia polic\u00eantrica de interioriza\u00e7\u00e3o de a\u00e7\u00f5es a partir da implementa\u00e7\u00e3o do Plano Regional de Desenvolvimento do Nordeste (PRDNE). Assim, a Sudene espera ampliar o alcance das a\u00e7\u00f5es do Governo Federal atrav\u00e9s da articula\u00e7\u00e3o de parceiros, do fortalecimento econ\u00f4mico e do aperfei\u00e7oamento de capacidades municipais para para promo\u00e7\u00e3o depol\u00edticas de desenvolvimento de forma compartilhada.<\/p>\n<p><img loading=\"lazy\" decoding=\"async\" class=\"aligncenter wp-image-11802 size-large\" src=\"http:\/\/diariopolitico.com.br\/wp-content\/uploads\/2022\/03\/IMG-20220321-WA0066-1024x768.jpg\" alt=\"\" width=\"1024\" height=\"768\" srcset=\"https:\/\/diariopolitico.com.br\/arquivo\/wp-content\/uploads\/2022\/03\/IMG-20220321-WA0066-1024x768.jpg 1024w, https:\/\/diariopolitico.com.br\/arquivo\/wp-content\/uploads\/2022\/03\/IMG-20220321-WA0066-300x225.jpg 300w, https:\/\/diariopolitico.com.br\/arquivo\/wp-content\/uploads\/2022\/03\/IMG-20220321-WA0066-768x576.jpg 768w, https:\/\/diariopolitico.com.br\/arquivo\/wp-content\/uploads\/2022\/03\/IMG-20220321-WA0066-555x416.jpg 555w, https:\/\/diariopolitico.com.br\/arquivo\/wp-content\/uploads\/2022\/03\/IMG-20220321-WA0066-1110x833.jpg 1110w, https:\/\/diariopolitico.com.br\/arquivo\/wp-content\/uploads\/2022\/03\/IMG-20220321-WA0066-600x450.jpg 600w, https:\/\/diariopolitico.com.br\/arquivo\/wp-content\/uploads\/2022\/03\/IMG-20220321-WA0066-1200x900.jpg 1200w, https:\/\/diariopolitico.com.br\/arquivo\/wp-content\/uploads\/2022\/03\/IMG-20220321-WA0066.jpg 1600w\" sizes=\"auto, (max-width: 706px) 89vw, (max-width: 767px) 82vw, 740px\" \/> <img loading=\"lazy\" decoding=\"async\" class=\"aligncenter wp-image-11803 size-large\" src=\"http:\/\/diariopolitico.com.br\/wp-content\/uploads\/2022\/03\/IMG-20220321-WA0064-1024x768.jpg\" alt=\"\" width=\"1024\" height=\"768\" srcset=\"https:\/\/diariopolitico.com.br\/arquivo\/wp-content\/uploads\/2022\/03\/IMG-20220321-WA0064-1024x768.jpg 1024w, https:\/\/diariopolitico.com.br\/arquivo\/wp-content\/uploads\/2022\/03\/IMG-20220321-WA0064-300x225.jpg 300w, https:\/\/diariopolitico.com.br\/arquivo\/wp-content\/uploads\/2022\/03\/IMG-20220321-WA0064-768x576.jpg 768w, https:\/\/diariopolitico.com.br\/arquivo\/wp-content\/uploads\/2022\/03\/IMG-20220321-WA0064-555x416.jpg 555w, https:\/\/diariopolitico.com.br\/arquivo\/wp-content\/uploads\/2022\/03\/IMG-20220321-WA0064-1110x833.jpg 1110w, https:\/\/diariopolitico.com.br\/arquivo\/wp-content\/uploads\/2022\/03\/IMG-20220321-WA0064-600x450.jpg 600w, https:\/\/diariopolitico.com.br\/arquivo\/wp-content\/uploads\/2022\/03\/IMG-20220321-WA0064-1200x900.jpg 1200w, https:\/\/diariopolitico.com.br\/arquivo\/wp-content\/uploads\/2022\/03\/IMG-20220321-WA0064.jpg 1600w\" sizes=\"auto, (max-width: 706px) 89vw, (max-width: 767px) 82vw, 740px\" \/><\/p>\n<p><img loading=\"lazy\" decoding=\"async\" class=\"aligncenter wp-image-11804 size-large\" src=\"http:\/\/diariopolitico.com.br\/wp-content\/uploads\/2022\/03\/IMG-20220321-WA0065-1024x768.jpg\" alt=\"\" width=\"1024\" height=\"768\" srcset=\"https:\/\/diariopolitico.com.br\/arquivo\/wp-content\/uploads\/2022\/03\/IMG-20220321-WA0065-1024x768.jpg 1024w, https:\/\/diariopolitico.com.br\/arquivo\/wp-content\/uploads\/2022\/03\/IMG-20220321-WA0065-300x225.jpg 300w, https:\/\/diariopolitico.com.br\/arquivo\/wp-content\/uploads\/2022\/03\/IMG-20220321-WA0065-768x576.jpg 768w, https:\/\/diariopolitico.com.br\/arquivo\/wp-content\/uploads\/2022\/03\/IMG-20220321-WA0065-555x416.jpg 555w, https:\/\/diariopolitico.com.br\/arquivo\/wp-content\/uploads\/2022\/03\/IMG-20220321-WA0065-1110x833.jpg 1110w, https:\/\/diariopolitico.com.br\/arquivo\/wp-content\/uploads\/2022\/03\/IMG-20220321-WA0065-600x450.jpg 600w, https:\/\/diariopolitico.com.br\/arquivo\/wp-content\/uploads\/2022\/03\/IMG-20220321-WA0065-1200x900.jpg 1200w, https:\/\/diariopolitico.com.br\/arquivo\/wp-content\/uploads\/2022\/03\/IMG-20220321-WA0065.jpg 1600w\" sizes=\"auto, (max-width: 706px) 89vw, (max-width: 767px) 82vw, 740px\" \/><\/p>\n","protected":false},"excerpt":{"rendered":"<p>O prefeito de Mossor\u00f3 Allyson Bezerra destacou os potenciais do munic\u00edpio durante a abertura do I Encontro dos Munic\u00edpios-Polo do G52, evento promovido pelo Minist\u00e9rio do Desenvolvimento Regional (MDR) e Superintend\u00eancia do Desenvolvimento do Nordeste (Sudene) nesta segunda-feira (21), em Natal. O encontro de gestores, ocorrido pela primeira vez de forma presencial, tem como objetivo &hellip; <\/p>\n<p class=\"link-more\"><a href=\"https:\/\/diariopolitico.com.br\/arquivo\/?p=11801\" class=\"more-link\">Continue lendo<span class=\"screen-reader-text\"> &#8220;Prefeito destaca potenciais de Mossor\u00f3 em encontro do Minist\u00e9rio do Desenvolvimento Regional&#8221;<\/span><\/a><\/p>\n","protected":false},"author":1,"featured_media":0,"comment_status":"open","ping_status":"open","sticky":false,"template":"","format":"standard","meta":{"jetpack_post_was_ever_published":false,"_jetpack_newsletter_access":"","_jetpack_dont_email_post_to_subs":false,"_jetpack_newsletter_tier_id":0,"_jetpack_memberships_contains_paywalled_content":false,"_jetpack_memberships_contains_paid_content":false,"footnotes":"","jetpack_publicize_message":"","jetpack_publicize_feature_enabled":true,"jetpack_social_post_already_shared":true,"jetpack_social_options":{"image_generator_settings":{"template":"highway","default_image_id":0,"font":"","enabled":false},"version":2}},"categories":[163,105,26],"tags":[435,227,51,149],"class_list":["post-11801","post","type-post","status-publish","format-standard","hentry","category-economia","category-mossoro","category-prefeitura-de-mossoro","tag-allyson-bezerra","tag-desenvolvimento-economico","tag-mossoro","tag-prefeitura"],"jetpack_publicize_connections":[],"jetpack_featured_media_url":"","jetpack_sharing_enabled":true,"jetpack_shortlink":"https:\/\/wp.me\/p9Xjoc-34l","jetpack-related-posts":[{"id":8777,"url":"https:\/\/diariopolitico.com.br\/arquivo\/?p=8777","url_meta":{"origin":11801,"position":0},"title":"Prefeito de Mossor\u00f3 se re\u00fane com representante de Minist\u00e9rio sobre polo cloroqu\u00edmico","author":"Von\u00favio Praxedes","date":"14 14America\/Recife junho 14America\/Recife 2021","format":false,"excerpt":"Nesta segunda-feira (14\/06) o prefeito de Mossor\u00f3 Allyson Bezerra (SD) e o secret\u00e1rio municipal de Desenvolvimento Econ\u00f4mico, Trabalho e Turismo, Franklin Flgueira, receber\u00e3o no Pal\u00e1cio da Resist\u00eancia, \u00e0s 8h, a visita de Aldo Alo\u00edsio Dantas da Silva, assessor especial do Minist\u00e9rio do Desenvolvimento Regional. A pauta do encontro ser\u00e1 a\u2026","rel":"","context":"Em &quot;Mossor\u00f3&quot;","block_context":{"text":"Mossor\u00f3","link":"https:\/\/diariopolitico.com.br\/arquivo\/?cat=105"},"img":{"alt_text":"","src":"","width":0,"height":0},"classes":[]},{"id":8795,"url":"https:\/\/diariopolitico.com.br\/arquivo\/?p=8795","url_meta":{"origin":11801,"position":1},"title":"[\u00c1udio] Secret\u00e1rio fala sobre polo cloroqu\u00edmico em Mossor\u00f3: &#8220;nos cercamos no m\u00e1ximo de cuidados&#8221;, ou\u00e7a","author":"Von\u00favio Praxedes","date":"14 14America\/Recife junho 14America\/Recife 2021","format":false,"excerpt":"Nesta segunda-feira (14\/06) Aldo Alo\u00edsio Dantas da Silva, assessor especial do Minist\u00e9rio do Desenvolvimento Regional veio a Mossor\u00f3 e teve reuni\u00e3o com o prefeito de Mossor\u00f3 Allyson Bezerra (SD) e Franklin Filgueira, secret\u00e1rio municipal de Desenvolvimento Econ\u00f4mico, Trabalho e Turismo. O encontro foi realizado no Pal\u00e1cio da Resist\u00eancia e principal\u2026","rel":"","context":"Em &quot;Economia&quot;","block_context":{"text":"Economia","link":"https:\/\/diariopolitico.com.br\/arquivo\/?cat=163"},"img":{"alt_text":"","src":"https:\/\/i0.wp.com\/diariopolitico.com.br\/wp-content\/uploads\/2021\/06\/WhatsApp-Image-2021-06-14-at-18.53.31.jpeg?resize=350%2C200","width":350,"height":200,"srcset":"https:\/\/i0.wp.com\/diariopolitico.com.br\/wp-content\/uploads\/2021\/06\/WhatsApp-Image-2021-06-14-at-18.53.31.jpeg?resize=350%2C200 1x, https:\/\/i0.wp.com\/diariopolitico.com.br\/wp-content\/uploads\/2021\/06\/WhatsApp-Image-2021-06-14-at-18.53.31.jpeg?resize=525%2C300 1.5x, https:\/\/i0.wp.com\/diariopolitico.com.br\/wp-content\/uploads\/2021\/06\/WhatsApp-Image-2021-06-14-at-18.53.31.jpeg?resize=700%2C400 2x"},"classes":[]},{"id":6921,"url":"https:\/\/diariopolitico.com.br\/arquivo\/?p=6921","url_meta":{"origin":11801,"position":2},"title":"Marcada primeira reuni\u00e3o da transi\u00e7\u00e3o em Mossor\u00f3","author":"Von\u00favio Praxedes","date":"30 30America\/Recife novembro 30America\/Recife 2020","format":false,"excerpt":"O advogado Raul Santos, coordenador da equipe de transi\u00e7\u00e3o do Prefeito eleito Allyson Bezerra (SD), publicou em seu twitter a confirma\u00e7\u00e3o da primeira reuni\u00e3o oficial junto a equipe de transi\u00e7\u00e3o da gest\u00e3o Rosalba Ciarlini (PP). Est\u00e1 agendado o encontro para \u00e0s 14h desta segunda-feira (30\/11), na Secretaria de Desenvolvimento Econ\u00f4mico.\u2026","rel":"","context":"Em &quot;Elei\u00e7\u00f5es 2020&quot;","block_context":{"text":"Elei\u00e7\u00f5es 2020","link":"https:\/\/diariopolitico.com.br\/arquivo\/?cat=174"},"img":{"alt_text":"","src":"https:\/\/i0.wp.com\/diariopolitico.com.br\/wp-content\/uploads\/2020\/11\/WhatsApp-Image-2020-11-29-at-22.14.24-750x1024.jpeg?resize=350%2C200","width":350,"height":200,"srcset":"https:\/\/i0.wp.com\/diariopolitico.com.br\/wp-content\/uploads\/2020\/11\/WhatsApp-Image-2020-11-29-at-22.14.24-750x1024.jpeg?resize=350%2C200 1x, https:\/\/i0.wp.com\/diariopolitico.com.br\/wp-content\/uploads\/2020\/11\/WhatsApp-Image-2020-11-29-at-22.14.24-750x1024.jpeg?resize=525%2C300 1.5x, https:\/\/i0.wp.com\/diariopolitico.com.br\/wp-content\/uploads\/2020\/11\/WhatsApp-Image-2020-11-29-at-22.14.24-750x1024.jpeg?resize=700%2C400 2x"},"classes":[]},{"id":11723,"url":"https:\/\/diariopolitico.com.br\/arquivo\/?p=11723","url_meta":{"origin":11801,"position":3},"title":"Em Bras\u00edlia, prefeito Allyson assegura recursos para obras da sa\u00fade e perfura\u00e7\u00e3o de po\u00e7os","author":"Von\u00favio Praxedes","date":"17 17America\/Recife mar\u00e7o 17America\/Recife 2022","format":false,"excerpt":"O prefeito de Mossor\u00f3 Allyson Bezerra se reuniu nessa quarta-feira (16\/03) com o ministro das Comunica\u00e7\u00f5es, F\u00e1bio Faria, no Minist\u00e9rio da Sa\u00fade, em Bras\u00edlia\/DF, para tratar da libera\u00e7\u00e3o de recursos para a sa\u00fade de Mossor\u00f3, j\u00e1 assegurados pelo ministro F\u00e1bio este ano junto ao Governo Federal. No encontro tamb\u00e9m foi\u2026","rel":"","context":"Em &quot;Allyson Bezerra&quot;","block_context":{"text":"Allyson Bezerra","link":"https:\/\/diariopolitico.com.br\/arquivo\/?cat=842"},"img":{"alt_text":"","src":"https:\/\/i0.wp.com\/diariopolitico.com.br\/wp-content\/uploads\/2022\/03\/WhatsApp-Image-2022-03-16-at-20.46.21-1024x682.jpeg?resize=350%2C200","width":350,"height":200,"srcset":"https:\/\/i0.wp.com\/diariopolitico.com.br\/wp-content\/uploads\/2022\/03\/WhatsApp-Image-2022-03-16-at-20.46.21-1024x682.jpeg?resize=350%2C200 1x, https:\/\/i0.wp.com\/diariopolitico.com.br\/wp-content\/uploads\/2022\/03\/WhatsApp-Image-2022-03-16-at-20.46.21-1024x682.jpeg?resize=525%2C300 1.5x, https:\/\/i0.wp.com\/diariopolitico.com.br\/wp-content\/uploads\/2022\/03\/WhatsApp-Image-2022-03-16-at-20.46.21-1024x682.jpeg?resize=700%2C400 2x"},"classes":[]},{"id":11265,"url":"https:\/\/diariopolitico.com.br\/arquivo\/?p=11265","url_meta":{"origin":11801,"position":4},"title":"Prefeito de Mossor\u00f3 firma parceria com FIERN para a\u00e7\u00f5es do Programa \u201cMais RN\u201d","author":"Von\u00favio Praxedes","date":"15 15America\/Recife fevereiro 15America\/Recife 2022","format":false,"excerpt":"O prefeito de Mossor\u00f3 Allyson Bezerra firmou nesta segunda-feira (14), parceria com a Federa\u00e7\u00e3o das Ind\u00fastrias do Estado do Rio Grande do Norte (FIERN) para implanta\u00e7\u00e3o de a\u00e7\u00f5es do Programa \u201cMais RN\u201d no munic\u00edpio de Mossor\u00f3. Allyson destacou o interesse do Munic\u00edpio em trabalhar em parceria com a institui\u00e7\u00e3o. \u201c\u00c9\u2026","rel":"","context":"Em &quot;Mossor\u00f3&quot;","block_context":{"text":"Mossor\u00f3","link":"https:\/\/diariopolitico.com.br\/arquivo\/?cat=105"},"img":{"alt_text":"","src":"https:\/\/i0.wp.com\/diariopolitico.com.br\/wp-content\/uploads\/2022\/02\/IMG-20220215-WA0011-1024x683.jpg?resize=350%2C200","width":350,"height":200,"srcset":"https:\/\/i0.wp.com\/diariopolitico.com.br\/wp-content\/uploads\/2022\/02\/IMG-20220215-WA0011-1024x683.jpg?resize=350%2C200 1x, https:\/\/i0.wp.com\/diariopolitico.com.br\/wp-content\/uploads\/2022\/02\/IMG-20220215-WA0011-1024x683.jpg?resize=525%2C300 1.5x, https:\/\/i0.wp.com\/diariopolitico.com.br\/wp-content\/uploads\/2022\/02\/IMG-20220215-WA0011-1024x683.jpg?resize=700%2C400 2x"},"classes":[]},{"id":7463,"url":"https:\/\/diariopolitico.com.br\/arquivo\/?p=7463","url_meta":{"origin":11801,"position":5},"title":"Prefeitura de Mossor\u00f3 vai seguir MP e Governo do RN para refor\u00e7ar restri\u00e7\u00f5es contra \u00e0 Covid-19","author":"Von\u00favio Praxedes","date":"24 24America\/Recife fevereiro 24America\/Recife 2021","format":false,"excerpt":"A Prefeitura Municipal de Mossor\u00f3 deve publicar decreto nesta quarta-feira (24), determinando orienta\u00e7\u00f5es acerca das medidas sanit\u00e1rias de enfrentamento ao Coronav\u00edrus. A publica\u00e7\u00e3o, em edi\u00e7\u00e3o do Jornal Oficial de Mossor\u00f3 (JOM), acontecer\u00e1 ap\u00f3s intensa discuss\u00e3o feita em reuni\u00e3o online pelo Comit\u00ea de Preven\u00e7\u00e3o e Enfrentamento \u00e0 Covid-19, que conta com\u2026","rel":"","context":"Em &quot;Mossor\u00f3&quot;","block_context":{"text":"Mossor\u00f3","link":"https:\/\/diariopolitico.com.br\/arquivo\/?cat=105"},"img":{"alt_text":"","src":"https:\/\/i0.wp.com\/diariopolitico.com.br\/wp-content\/uploads\/2021\/02\/Reuni%C3%A3o-Comit%C3%AA-1-300x169.jpeg?resize=350%2C200","width":350,"height":200},"classes":[]}],"_links":{"self":[{"href":"https:\/\/diariopolitico.com.br\/arquivo\/index.php?rest_route=\/wp\/v2\/posts\/11801","targetHints":{"allow":["GET"]}}],"collection":[{"href":"https:\/\/diariopolitico.com.br\/arquivo\/index.php?rest_route=\/wp\/v2\/posts"}],"about":[{"href":"https:\/\/diariopolitico.com.br\/arquivo\/index.php?rest_route=\/wp\/v2\/types\/post"}],"author":[{"embeddable":true,"href":"https:\/\/diariopolitico.com.br\/arquivo\/index.php?rest_route=\/wp\/v2\/users\/1"}],"replies":[{"embeddable":true,"href":"https:\/\/diariopolitico.com.br\/arquivo\/index.php?rest_route=%2Fwp%2Fv2%2Fcomments&post=11801"}],"version-history":[{"count":1,"href":"https:\/\/diariopolitico.com.br\/arquivo\/index.php?rest_route=\/wp\/v2\/posts\/11801\/revisions"}],"predecessor-version":[{"id":11805,"href":"https:\/\/diariopolitico.com.br\/arquivo\/index.php?rest_route=\/wp\/v2\/posts\/11801\/revisions\/11805"}],"wp:attachment":[{"href":"https:\/\/diariopolitico.com.br\/arquivo\/index.php?rest_route=%2Fwp%2Fv2%2Fmedia&parent=11801"}],"wp:term":[{"taxonomy":"category","embeddable":true,"href":"https:\/\/diariopolitico.com.br\/arquivo\/index.php?rest_route=%2Fwp%2Fv2%2Fcategories&post=11801"},{"taxonomy":"post_tag","embeddable":true,"href":"https:\/\/diariopolitico.com.br\/arquivo\/index.php?rest_route=%2Fwp%2Fv2%2Ftags&post=11801"}],"curies":[{"name":"wp","href":"https:\/\/api.w.org\/{rel}","templated":true}]}}