{"id":11798,"date":"2022-03-21T18:51:59","date_gmt":"2022-03-21T21:51:59","guid":{"rendered":"http:\/\/diariopolitico.com.br\/?p=11798"},"modified":"2022-03-21T18:51:59","modified_gmt":"2022-03-21T21:51:59","slug":"contadores-mossoroenses-reclamam-de-atrasos-em-analises-da-secretaria-estadual-de-tributacao","status":"publish","type":"post","link":"https:\/\/diariopolitico.com.br\/arquivo\/?p=11798","title":{"rendered":"Contadores mossoroenses reclamam de atrasos em an\u00e1lises da Secretaria Estadual de Tributa\u00e7\u00e3o"},"content":{"rendered":"<p>Este<em> Di\u00e1rio Pol\u00edtico<\/em> recebeu mensagens de empresas de contabilidade sediadas em Mossor\u00f3, reclamando do tempo de an\u00e1lises de alguns pedidos junto a secretaria estadual de tributa\u00e7\u00e3o do RN.<\/p>\n<p>Nos foi repassado o seguinte:<\/p>\n<p>&#8211; A maioria dos pedidos da secretaria do estado de tributa\u00e7\u00e3o s\u00e3o online, por\u00e9m, os pedidos est\u00e3o com quase um m\u00eas de atraso para serem analisados.\u00a0Hoje 21\/03 ainda est\u00e3o analisando o dia 24\/02.\u00a0Gerando muito transtorno para as empresas, contadores e a economia.\u00a0Esses pedidos s\u00e3o de: Atualiza\u00e7\u00e3o de dados; Atualiza\u00e7\u00e3o de guias de recolhimento; Corre\u00e7\u00e3o de valores.<\/p>\n<p>Procuramos a secretaria estadual de tributa\u00e7\u00e3o e nos foi repassada a seguinte nota:<\/p>\n<p><strong>NOTA \u00c0 IMPRENSA<\/strong><\/p>\n<p>A Secretaria Estadual de Tributa\u00e7\u00e3o (SET-RN) esclarece que a virtualiza\u00e7\u00e3o dos servi\u00e7os oferecidos ao p\u00fablico faz parte do processo de moderniza\u00e7\u00e3o do Fisco Estadual, iniciado na atual gest\u00e3o, para dar mais comodidade aos contribuintes e proporcionar melhoria e agilidade no atendimento. Em rela\u00e7\u00e3o \u00e0s quest\u00f5es pontuadas pela reportagem, ap\u00f3s levantamento feito junto \u00e0s sete Unidades Regionais de Tributa\u00e7\u00e3o (URT), instaladas em cidades polo, n\u00e3o foram constatadas solicita\u00e7\u00f5es na Unidade Virtual de Tributa\u00e7\u00e3o (UVT) cujo prazo de andamento seja superior a dez dias. Em Mossor\u00f3, por exemplo, o pedido mais antigo \u00e9 do dia 18 deste m\u00eas e que at\u00e9 amanh\u00e3 (22) dever\u00e1 estar liquidado. Por\u00e9m, caso pontuais, em que esse prazo esteja extrapolado, o contribuinte deve entrar em contato com a secretaria por meio do call center no n\u00famero 84 3209-7880.<\/p>\n<figure id=\"attachment_11799\" aria-describedby=\"caption-attachment-11799\" style=\"width: 800px\" class=\"wp-caption aligncenter\"><img loading=\"lazy\" decoding=\"async\" class=\"wp-image-11799 size-full\" src=\"http:\/\/diariopolitico.com.br\/wp-content\/uploads\/2022\/03\/contador.jpg\" alt=\"\" width=\"800\" height=\"480\" srcset=\"https:\/\/diariopolitico.com.br\/arquivo\/wp-content\/uploads\/2022\/03\/contador.jpg 800w, https:\/\/diariopolitico.com.br\/arquivo\/wp-content\/uploads\/2022\/03\/contador-300x180.jpg 300w, https:\/\/diariopolitico.com.br\/arquivo\/wp-content\/uploads\/2022\/03\/contador-768x461.jpg 768w, https:\/\/diariopolitico.com.br\/arquivo\/wp-content\/uploads\/2022\/03\/contador-555x333.jpg 555w, https:\/\/diariopolitico.com.br\/arquivo\/wp-content\/uploads\/2022\/03\/contador-600x360.jpg 600w\" sizes=\"auto, (max-width: 706px) 89vw, (max-width: 767px) 82vw, 740px\" \/><figcaption id=\"caption-attachment-11799\" class=\"wp-caption-text\">Imagem: internet<\/figcaption><\/figure>\n","protected":false},"excerpt":{"rendered":"<p>Este Di\u00e1rio Pol\u00edtico recebeu mensagens de empresas de contabilidade sediadas em Mossor\u00f3, reclamando do tempo de an\u00e1lises de alguns pedidos junto a secretaria estadual de tributa\u00e7\u00e3o do RN. Nos foi repassado o seguinte: &#8211; A maioria dos pedidos da secretaria do estado de tributa\u00e7\u00e3o s\u00e3o online, por\u00e9m, os pedidos est\u00e3o com quase um m\u00eas de &hellip; <\/p>\n<p class=\"link-more\"><a href=\"https:\/\/diariopolitico.com.br\/arquivo\/?p=11798\" class=\"more-link\">Continue lendo<span class=\"screen-reader-text\"> &#8220;Contadores mossoroenses reclamam de atrasos em an\u00e1lises da Secretaria Estadual de Tributa\u00e7\u00e3o&#8221;<\/span><\/a><\/p>\n","protected":false},"author":1,"featured_media":0,"comment_status":"open","ping_status":"open","sticky":false,"template":"","format":"standard","meta":{"jetpack_post_was_ever_published":false,"_jetpack_newsletter_access":"","_jetpack_dont_email_post_to_subs":false,"_jetpack_newsletter_tier_id":0,"_jetpack_memberships_contains_paywalled_content":false,"_jetpack_memberships_contains_paid_content":false,"footnotes":"","jetpack_publicize_message":"","jetpack_publicize_feature_enabled":true,"jetpack_social_post_already_shared":true,"jetpack_social_options":{"image_generator_settings":{"template":"highway","default_image_id":0,"font":"","enabled":false},"version":2}},"categories":[16,105],"tags":[68,54,883],"class_list":["post-11798","post","type-post","status-publish","format-standard","hentry","category-governo-do-rn","category-mossoro","tag-governo-do-estado","tag-rio-grande-do-norte","tag-tributacao"],"jetpack_publicize_connections":[],"jetpack_featured_media_url":"","jetpack_sharing_enabled":true,"jetpack_shortlink":"https:\/\/wp.me\/p9Xjoc-34i","jetpack-related-posts":[{"id":1948,"url":"https:\/\/diariopolitico.com.br\/arquivo\/?p=1948","url_meta":{"origin":11798,"position":0},"title":"CDL Mossor\u00f3 sediar\u00e1 lan\u00e7amento do programa fiscal Nota Potiguar","author":"Von\u00favio Praxedes","date":"8 08America\/Recife junho 08America\/Recife 2019","format":false,"excerpt":"Na pr\u00f3xima segunda-feira, dia 10\/06, a C\u00e2mara de Dirigentes Lojistas de Mossor\u00f3 (CDL) realizar\u00e1, em conjunto com a Secretaria Estadual de Tributa\u00e7\u00e3o (SET-RN), reuni\u00e3o de lan\u00e7amento para empres\u00e1rios e lojistas de Mossor\u00f3 sobre o programa fiscal Nota Potiguar, institu\u00eddo pelo Governo do RN e come\u00e7a a vigorar neste m\u00eas de\u2026","rel":"","context":"Em &quot;Economia&quot;","block_context":{"text":"Economia","link":"https:\/\/diariopolitico.com.br\/arquivo\/?cat=163"},"img":{"alt_text":"","src":"","width":0,"height":0},"classes":[]},{"id":782,"url":"https:\/\/diariopolitico.com.br\/arquivo\/?p=782","url_meta":{"origin":11798,"position":1},"title":"Governadora eleita define secret\u00e1rio de Tributa\u00e7\u00e3o do RN","author":"Von\u00favio Praxedes","date":"4 04America\/Recife dezembro 04America\/Recife 2018","format":false,"excerpt":"A governadora eleita do Rio Grande do Norte, senadora F\u00e1tima Bezerra, anunciou nesta ter\u00e7a-feira (4) o nome do auditor fiscal do tesouro estadual, Carlos Eduardo Xavier, novo secret\u00e1rio de Estado da Tributa\u00e7\u00e3o (SET). A escolha de um profissional do quadro da SET faz parte de uma das prioridades do futuro\u2026","rel":"","context":"Em &quot;F\u00e1tima Bezerra&quot;","block_context":{"text":"F\u00e1tima Bezerra","link":"https:\/\/diariopolitico.com.br\/arquivo\/?cat=144"},"img":{"alt_text":"","src":"https:\/\/i0.wp.com\/diariopolitico.com.br\/arquivo\/wp-content\/uploads\/2018\/12\/IMG-20181204-WA0050.jpg?resize=350%2C200&ssl=1","width":350,"height":200,"srcset":"https:\/\/i0.wp.com\/diariopolitico.com.br\/arquivo\/wp-content\/uploads\/2018\/12\/IMG-20181204-WA0050.jpg?resize=350%2C200&ssl=1 1x, https:\/\/i0.wp.com\/diariopolitico.com.br\/arquivo\/wp-content\/uploads\/2018\/12\/IMG-20181204-WA0050.jpg?resize=525%2C300&ssl=1 1.5x, https:\/\/i0.wp.com\/diariopolitico.com.br\/arquivo\/wp-content\/uploads\/2018\/12\/IMG-20181204-WA0050.jpg?resize=700%2C400&ssl=1 2x, https:\/\/i0.wp.com\/diariopolitico.com.br\/arquivo\/wp-content\/uploads\/2018\/12\/IMG-20181204-WA0050.jpg?resize=1050%2C600&ssl=1 3x"},"classes":[]},{"id":1786,"url":"https:\/\/diariopolitico.com.br\/arquivo\/?p=1786","url_meta":{"origin":11798,"position":2},"title":"Secret\u00e1rios de Tributa\u00e7\u00e3o do RN e CE falam sobre as perspectivas em evento na OAB Mossor\u00f3","author":"Von\u00favio Praxedes","date":"15 15America\/Recife maio 15America\/Recife 2019","format":false,"excerpt":"A Comiss\u00e3o de Direito Tribut\u00e1rio da OAB Subse\u00e7\u00e3o de Mossor\u00f3 convida para participar da Palestra 'A tributa\u00e7\u00e3o dos Estados sob uma nova perspectiva', que ser\u00e1 realizada nesta quarta-feira 15\/05\/2019, \u00e1s 18:30 na sede da Subse\u00e7\u00e3o. O evento contar\u00e1 com a presen\u00e7a do Secret\u00e1rio de Tributa\u00e7\u00e3o do Rio Grande do Norte,\u2026","rel":"","context":"Em &quot;Economia&quot;","block_context":{"text":"Economia","link":"https:\/\/diariopolitico.com.br\/arquivo\/?cat=163"},"img":{"alt_text":"","src":"https:\/\/i0.wp.com\/diariopolitico.com.br\/wp-content\/uploads\/2019\/05\/img-20190514-wa01551903036011908899458.jpg?resize=350%2C200","width":350,"height":200,"srcset":"https:\/\/i0.wp.com\/diariopolitico.com.br\/wp-content\/uploads\/2019\/05\/img-20190514-wa01551903036011908899458.jpg?resize=350%2C200 1x, https:\/\/i0.wp.com\/diariopolitico.com.br\/wp-content\/uploads\/2019\/05\/img-20190514-wa01551903036011908899458.jpg?resize=525%2C300 1.5x, https:\/\/i0.wp.com\/diariopolitico.com.br\/wp-content\/uploads\/2019\/05\/img-20190514-wa01551903036011908899458.jpg?resize=700%2C400 2x"},"classes":[]},{"id":5603,"url":"https:\/\/diariopolitico.com.br\/arquivo\/?p=5603","url_meta":{"origin":11798,"position":3},"title":"O assunto que tem causado calafrios nos Deputados do RN","author":"Von\u00favio Praxedes","date":"22 22America\/Recife julho 22America\/Recife 2020","format":false,"excerpt":"Os Deputados Estaduais ainda n\u00e3o votaram a reforma da previd\u00eancia do Rio Grande do Norte. Ontem, ter\u00e7a-feira 21\/07, mais uma sess\u00e3o foi adiada por falta de qu\u00f3rum qualificado, ou seja, 15 deputados para dar in\u00edcio a vota\u00e7\u00e3o da proposta que muda pontos importante da previd\u00eancia estadual como idade m\u00ednima para\u2026","rel":"","context":"Em &quot;Assembleia Legislativa RN&quot;","block_context":{"text":"Assembleia Legislativa RN","link":"https:\/\/diariopolitico.com.br\/arquivo\/?cat=23"},"img":{"alt_text":"","src":"","width":0,"height":0},"classes":[]},{"id":2852,"url":"https:\/\/diariopolitico.com.br\/arquivo\/?p=2852","url_meta":{"origin":11798,"position":4},"title":"Prefeitos do RN protestam e s\u00e3o recebidos pela Governadora","author":"Von\u00favio Praxedes","date":"24 24America\/Recife setembro 24America\/Recife 2019","format":false,"excerpt":"Os prefeitos de munic\u00edpios do RN protestaram nesta ter\u00e7a-feira, 24\/09, contra a decis\u00e3o do Governo do Estado de oferecer novos incentivos \u00e0 ind\u00fastria, atrav\u00e9s do Proedi. Cerca de 80 gestores ocuparam a Governadoria exigindo que a chefe do executivo Estadual revogue o decreto que cria o novo programa de incentivo.\u2026","rel":"","context":"Em &quot;F\u00e1tima Bezerra&quot;","block_context":{"text":"F\u00e1tima Bezerra","link":"https:\/\/diariopolitico.com.br\/arquivo\/?cat=144"},"img":{"alt_text":"","src":"https:\/\/i0.wp.com\/diariopolitico.com.br\/arquivo\/wp-content\/uploads\/2019\/09\/IMG-20190924-WA0080.jpg?resize=350%2C200&ssl=1","width":350,"height":200,"srcset":"https:\/\/i0.wp.com\/diariopolitico.com.br\/arquivo\/wp-content\/uploads\/2019\/09\/IMG-20190924-WA0080.jpg?resize=350%2C200&ssl=1 1x, https:\/\/i0.wp.com\/diariopolitico.com.br\/arquivo\/wp-content\/uploads\/2019\/09\/IMG-20190924-WA0080.jpg?resize=525%2C300&ssl=1 1.5x, https:\/\/i0.wp.com\/diariopolitico.com.br\/arquivo\/wp-content\/uploads\/2019\/09\/IMG-20190924-WA0080.jpg?resize=700%2C400&ssl=1 2x"},"classes":[]},{"id":4933,"url":"https:\/\/diariopolitico.com.br\/arquivo\/?p=4933","url_meta":{"origin":11798,"position":5},"title":"Governo do Estado: Secret\u00e1rio de Tributa\u00e7\u00e3o testa positivo para coronav\u00edrus","author":"Von\u00favio Praxedes","date":"15 15America\/Recife abril 15America\/Recife 2020","format":false,"excerpt":"\u00a0 O secret\u00e1rio de Estado de Tributa\u00e7\u00e3o, Carlos Eduardo Xavier, realizou teste r\u00e1pido que verifica a presen\u00e7a de anticorpos contra a Covid-19 e o resultado deu positivo. A informa\u00e7\u00e3o foi repassada pela comunica\u00e7\u00e3o do Governo do Estado na noite dessa ter\u00e7a-feira, 15\/04. O Secret\u00e1rio realizou o teste em uma cl\u00ednica\u2026","rel":"","context":"Em &quot;Governo do RN&quot;","block_context":{"text":"Governo do RN","link":"https:\/\/diariopolitico.com.br\/arquivo\/?cat=16"},"img":{"alt_text":"","src":"https:\/\/i0.wp.com\/diariopolitico.com.br\/wp-content\/uploads\/2020\/04\/Carlos-Eduardo-Xavier.jpeg?resize=350%2C200","width":350,"height":200,"srcset":"https:\/\/i0.wp.com\/diariopolitico.com.br\/wp-content\/uploads\/2020\/04\/Carlos-Eduardo-Xavier.jpeg?resize=350%2C200 1x, https:\/\/i0.wp.com\/diariopolitico.com.br\/wp-content\/uploads\/2020\/04\/Carlos-Eduardo-Xavier.jpeg?resize=525%2C300 1.5x, https:\/\/i0.wp.com\/diariopolitico.com.br\/wp-content\/uploads\/2020\/04\/Carlos-Eduardo-Xavier.jpeg?resize=700%2C400 2x"},"classes":[]}],"_links":{"self":[{"href":"https:\/\/diariopolitico.com.br\/arquivo\/index.php?rest_route=\/wp\/v2\/posts\/11798","targetHints":{"allow":["GET"]}}],"collection":[{"href":"https:\/\/diariopolitico.com.br\/arquivo\/index.php?rest_route=\/wp\/v2\/posts"}],"about":[{"href":"https:\/\/diariopolitico.com.br\/arquivo\/index.php?rest_route=\/wp\/v2\/types\/post"}],"author":[{"embeddable":true,"href":"https:\/\/diariopolitico.com.br\/arquivo\/index.php?rest_route=\/wp\/v2\/users\/1"}],"replies":[{"embeddable":true,"href":"https:\/\/diariopolitico.com.br\/arquivo\/index.php?rest_route=%2Fwp%2Fv2%2Fcomments&post=11798"}],"version-history":[{"count":1,"href":"https:\/\/diariopolitico.com.br\/arquivo\/index.php?rest_route=\/wp\/v2\/posts\/11798\/revisions"}],"predecessor-version":[{"id":11800,"href":"https:\/\/diariopolitico.com.br\/arquivo\/index.php?rest_route=\/wp\/v2\/posts\/11798\/revisions\/11800"}],"wp:attachment":[{"href":"https:\/\/diariopolitico.com.br\/arquivo\/index.php?rest_route=%2Fwp%2Fv2%2Fmedia&parent=11798"}],"wp:term":[{"taxonomy":"category","embeddable":true,"href":"https:\/\/diariopolitico.com.br\/arquivo\/index.php?rest_route=%2Fwp%2Fv2%2Fcategories&post=11798"},{"taxonomy":"post_tag","embeddable":true,"href":"https:\/\/diariopolitico.com.br\/arquivo\/index.php?rest_route=%2Fwp%2Fv2%2Ftags&post=11798"}],"curies":[{"name":"wp","href":"https:\/\/api.w.org\/{rel}","templated":true}]}}