{"id":10802,"date":"2021-12-15T18:24:15","date_gmt":"2021-12-15T21:24:15","guid":{"rendered":"http:\/\/diariopolitico.com.br\/?p=10802"},"modified":"2021-12-15T18:24:15","modified_gmt":"2021-12-15T21:24:15","slug":"vereadores-pedem-instalacao-de-conselho-de-etica-na-camara-de-mossoro","status":"publish","type":"post","link":"https:\/\/diariopolitico.com.br\/arquivo\/?p=10802","title":{"rendered":"Vereadores pedem instala\u00e7\u00e3o de Conselho de \u00c9tica na C\u00e2mara de Mossor\u00f3"},"content":{"rendered":"<p>Um grupo de vereadores e vereadoras solicitou \u00e0 Mesa Diretora da C\u00e2mara Municipal de Mossor\u00f3, nesta quarta-feira (15\/12), instala\u00e7\u00e3o do Conselho de \u00c9tica e Decoro Parlamentar da Casa. O pedido ocorre ap\u00f3s repercuss\u00e3o de falas do vereador Ra\u00e9rio (PSD), que, na sess\u00e3o de ontem (14), usou termos como \u201cmulher ruim e baitola\u201d.<\/p>\n<p>A C\u00e2mara j\u00e1 disp\u00f5e de Conselho de \u00c9tica, mas falta a indica\u00e7\u00e3o dos membros. O colegiado age conforme a Resolu\u00e7\u00e3o 10\/2015, que institui princ\u00edpios \u00e9ticos e regras b\u00e1sicas de decoro para a conduta dos parlamentares na Casa. Cabe \u00e0s lideran\u00e7as das bancadas a indica\u00e7\u00e3o dos componentes do Conselho de \u00c9tica.<\/p>\n<p>Assinado por dez vereadores e vereadoras, o memorando n\u00ba 46\/2021 &#8211; GVPA diz ser \u201curgente a necessidade que a comiss\u00e3o seja instalada e que comportamentos n\u00e3o coerentes com a boa conviv\u00eancia sejam recha\u00e7ados e punidos com rigor em respeito \u00e0 C\u00e2mara Municipal de Mossor\u00f3 e \u00e0 popula\u00e7\u00e3o\u201d.<\/p>\n<p>Ainda conforme o documento, h\u00e1 \u201creiterado comportamento de parlamentares faltando com o decoro parlamentar em seus pronunciamentos\u201d e que \u201ca falta de civilidade e educa\u00e7\u00e3o em discursos atinge n\u00e3o s\u00f3 os parlamentares, mas toda a popula\u00e7\u00e3o, que, por meio de impostos, financia a institui\u00e7\u00e3o\u201d.<\/p>\n<p>O memorando \u00e9 assinado pelos vereadores Pablo Aires (PSB), Marleide Cunha (PT), Carmem Julia (MDB), Larissa Rosado (PSDB), Francisco Carlos (PP), Tony Fernandes (Solidariedade), Isaac da Casca (DC), Edson Carlos (Cidadania), Z\u00e9 Peixeiro (PP) e Didi de Arnor (Republicanos). A Mesa Diretora se comprometeu na ado\u00e7\u00e3o de provid\u00eancias para instala\u00e7\u00e3o do Conselho de \u00c9tica.<\/p>\n<figure id=\"attachment_10803\" aria-describedby=\"caption-attachment-10803\" style=\"width: 1024px\" class=\"wp-caption aligncenter\"><img loading=\"lazy\" decoding=\"async\" class=\"wp-image-10803 size-large\" src=\"http:\/\/diariopolitico.com.br\/wp-content\/uploads\/2021\/12\/Vereadores-Marleide-e-Pablo-Aires-conversam-na-ses\u00e3o-desta-quarta-feira-15-foto-Edilberto-Barros-CMM-1024x684.jpg\" alt=\"\" width=\"1024\" height=\"684\" srcset=\"https:\/\/diariopolitico.com.br\/arquivo\/wp-content\/uploads\/2021\/12\/Vereadores-Marleide-e-Pablo-Aires-conversam-na-ses\u00e3o-desta-quarta-feira-15-foto-Edilberto-Barros-CMM-1024x684.jpg 1024w, https:\/\/diariopolitico.com.br\/arquivo\/wp-content\/uploads\/2021\/12\/Vereadores-Marleide-e-Pablo-Aires-conversam-na-ses\u00e3o-desta-quarta-feira-15-foto-Edilberto-Barros-CMM-300x200.jpg 300w, https:\/\/diariopolitico.com.br\/arquivo\/wp-content\/uploads\/2021\/12\/Vereadores-Marleide-e-Pablo-Aires-conversam-na-ses\u00e3o-desta-quarta-feira-15-foto-Edilberto-Barros-CMM-768x513.jpg 768w, https:\/\/diariopolitico.com.br\/arquivo\/wp-content\/uploads\/2021\/12\/Vereadores-Marleide-e-Pablo-Aires-conversam-na-ses\u00e3o-desta-quarta-feira-15-foto-Edilberto-Barros-CMM-555x370.jpg 555w, https:\/\/diariopolitico.com.br\/arquivo\/wp-content\/uploads\/2021\/12\/Vereadores-Marleide-e-Pablo-Aires-conversam-na-ses\u00e3o-desta-quarta-feira-15-foto-Edilberto-Barros-CMM-1110x741.jpg 1110w, https:\/\/diariopolitico.com.br\/arquivo\/wp-content\/uploads\/2021\/12\/Vereadores-Marleide-e-Pablo-Aires-conversam-na-ses\u00e3o-desta-quarta-feira-15-foto-Edilberto-Barros-CMM-600x400.jpg 600w, https:\/\/diariopolitico.com.br\/arquivo\/wp-content\/uploads\/2021\/12\/Vereadores-Marleide-e-Pablo-Aires-conversam-na-ses\u00e3o-desta-quarta-feira-15-foto-Edilberto-Barros-CMM-1200x801.jpg 1200w, https:\/\/diariopolitico.com.br\/arquivo\/wp-content\/uploads\/2021\/12\/Vereadores-Marleide-e-Pablo-Aires-conversam-na-ses\u00e3o-desta-quarta-feira-15-foto-Edilberto-Barros-CMM.jpg 2048w\" sizes=\"auto, (max-width: 706px) 89vw, (max-width: 767px) 82vw, 740px\" \/><figcaption id=\"caption-attachment-10803\" class=\"wp-caption-text\">Vereadores Marleide e Pablo Aires conversam na ses\u00e3o desta quarta-feira, 15 &#8211; foto Edilberto Barros CMM<\/figcaption><\/figure>\n","protected":false},"excerpt":{"rendered":"<p>Um grupo de vereadores e vereadoras solicitou \u00e0 Mesa Diretora da C\u00e2mara Municipal de Mossor\u00f3, nesta quarta-feira (15\/12), instala\u00e7\u00e3o do Conselho de \u00c9tica e Decoro Parlamentar da Casa. O pedido ocorre ap\u00f3s repercuss\u00e3o de falas do vereador Ra\u00e9rio (PSD), que, na sess\u00e3o de ontem (14), usou termos como \u201cmulher ruim e baitola\u201d. A C\u00e2mara j\u00e1 &hellip; <\/p>\n<p class=\"link-more\"><a href=\"https:\/\/diariopolitico.com.br\/arquivo\/?p=10802\" class=\"more-link\">Continue lendo<span class=\"screen-reader-text\"> &#8220;Vereadores pedem instala\u00e7\u00e3o de Conselho de \u00c9tica na C\u00e2mara de Mossor\u00f3&#8221;<\/span><\/a><\/p>\n","protected":false},"author":1,"featured_media":0,"comment_status":"open","ping_status":"open","sticky":false,"template":"","format":"standard","meta":{"jetpack_post_was_ever_published":false,"_jetpack_newsletter_access":"","_jetpack_dont_email_post_to_subs":false,"_jetpack_newsletter_tier_id":0,"_jetpack_memberships_contains_paywalled_content":false,"_jetpack_memberships_contains_paid_content":false,"footnotes":"","jetpack_publicize_message":"","jetpack_publicize_feature_enabled":true,"jetpack_social_post_already_shared":true,"jetpack_social_options":{"image_generator_settings":{"template":"highway","default_image_id":0,"font":"","enabled":false},"version":2}},"categories":[14],"tags":[93],"class_list":["post-10802","post","type-post","status-publish","format-standard","hentry","category-camara-de-mossoro","tag-camara-de-mossoro"],"jetpack_publicize_connections":[],"jetpack_featured_media_url":"","jetpack_sharing_enabled":true,"jetpack_shortlink":"https:\/\/wp.me\/p9Xjoc-2Oe","jetpack-related-posts":[{"id":1871,"url":"https:\/\/diariopolitico.com.br\/arquivo\/?p=1871","url_meta":{"origin":10802,"position":0},"title":"Depois de discuss\u00e3o entre vereadores, C\u00e2mara de Mossor\u00f3 forma comiss\u00f5es de \u00c9tica e de Regimento Interno","author":"Von\u00favio Praxedes","date":"22 22America\/Recife maio 22America\/Recife 2019","format":false,"excerpt":"Na sess\u00e3o desta quarta-feira (22\/05), as bancadas de situa\u00e7\u00e3o e oposi\u00e7\u00e3o indicaram vereadores para a Comiss\u00e3o de \u00c9tica e Decoro Parlamentar e Comiss\u00e3o Especial de Revis\u00e3o do Regimento Interno. Com a composi\u00e7\u00e3o dos membros, as comiss\u00f5es passar\u00e3o a funcionar efetivamente. A Comiss\u00e3o de \u00c9tica e Decoro Parlamentar possui atribui\u00e7\u00f5es de\u2026","rel":"","context":"Em &quot;C\u00e2mara de Mossor\u00f3&quot;","block_context":{"text":"C\u00e2mara de Mossor\u00f3","link":"https:\/\/diariopolitico.com.br\/arquivo\/?cat=14"},"img":{"alt_text":"","src":"","width":0,"height":0},"classes":[]},{"id":11956,"url":"https:\/\/diariopolitico.com.br\/arquivo\/?p=11956","url_meta":{"origin":10802,"position":1},"title":"C\u00e2mara de Mossor\u00f3 aprova de reajuste para servidores com mudan\u00e7as no PCCR","author":"Von\u00favio Praxedes","date":"30 30America\/Recife mar\u00e7o 30America\/Recife 2022","format":false,"excerpt":"Em sess\u00e3o extraordin\u00e1ria, nesta quarta-feira \u00e0 tarde (30\/03), o plen\u00e1rio da C\u00e2mara Municipal de Mossor\u00f3 aprovou, por unanimidade, o Projeto de Lei Complementar do Executivo 2\/2022, que institui aumento salarial dos profissionais de educa\u00e7\u00e3o b\u00e1sica do Munic\u00edpio. O reajuste de 33,67%, motivado pelo Piso Nacional do Magist\u00e9rio, ser\u00e1 escalonado: 10%\u2026","rel":"","context":"Em &quot;C\u00e2mara de Mossor\u00f3&quot;","block_context":{"text":"C\u00e2mara de Mossor\u00f3","link":"https:\/\/diariopolitico.com.br\/arquivo\/?cat=14"},"img":{"alt_text":"","src":"https:\/\/i0.wp.com\/diariopolitico.com.br\/wp-content\/uploads\/2022\/03\/IMG-20220330-WA0062-1024x602.jpg?resize=350%2C200","width":350,"height":200,"srcset":"https:\/\/i0.wp.com\/diariopolitico.com.br\/wp-content\/uploads\/2022\/03\/IMG-20220330-WA0062-1024x602.jpg?resize=350%2C200 1x, https:\/\/i0.wp.com\/diariopolitico.com.br\/wp-content\/uploads\/2022\/03\/IMG-20220330-WA0062-1024x602.jpg?resize=525%2C300 1.5x, https:\/\/i0.wp.com\/diariopolitico.com.br\/wp-content\/uploads\/2022\/03\/IMG-20220330-WA0062-1024x602.jpg?resize=700%2C400 2x"},"classes":[]},{"id":4900,"url":"https:\/\/diariopolitico.com.br\/arquivo\/?p=4900","url_meta":{"origin":10802,"position":2},"title":"C\u00e2mara de Mossor\u00f3 far\u00e1 sess\u00e3o extraordin\u00e1ria esta semana","author":"Von\u00favio Praxedes","date":"13 13America\/Recife abril 13America\/Recife 2020","format":false,"excerpt":"A C\u00e2mara Municipal de Mossor\u00f3 realizar\u00e1 sess\u00e3o extraordin\u00e1ria presencial, quarta-feira (15\/04), \u00e0s 9h da manh\u00e3 no plen\u00e1rio, para votar a regulamenta\u00e7\u00e3o de sess\u00f5es remotas. Os vereadores analisar\u00e3o o Projeto de Resolu\u00e7\u00e3o 05\/20, que estabelece vota\u00e7\u00f5es virtuais no Regimento Interno da Casa. A resolu\u00e7\u00e3o, de autoria da Mesa Diretora, com apoio\u2026","rel":"","context":"Em &quot;C\u00e2mara de Mossor\u00f3&quot;","block_context":{"text":"C\u00e2mara de Mossor\u00f3","link":"https:\/\/diariopolitico.com.br\/arquivo\/?cat=14"},"img":{"alt_text":"","src":"","width":0,"height":0},"classes":[]},{"id":1265,"url":"https:\/\/diariopolitico.com.br\/arquivo\/?p=1265","url_meta":{"origin":10802,"position":3},"title":"Comiss\u00e3o tem 8 meses para atualizar regimento da C\u00e2mara de Mossor\u00f3","author":"Von\u00favio Praxedes","date":"28 28America\/Recife fevereiro 28America\/Recife 2019","format":false,"excerpt":"O plen\u00e1rio da C\u00e2mara Municipal de Mossor\u00f3 aprovou, por unanimidade, na sess\u00e3o desta quarta-feira (27\/02), cria\u00e7\u00e3o da Comiss\u00e3o Especial para Elaborar Proposta de Reforma do Regimento Interno da Casa. O pr\u00f3ximo passo ser\u00e1 indica\u00e7\u00e3o dos sete vereadores do colegiado, que ter\u00e1 at\u00e9 oito meses para produzir um anteprojeto. Datado de\u2026","rel":"","context":"Em &quot;C\u00e2mara de Mossor\u00f3&quot;","block_context":{"text":"C\u00e2mara de Mossor\u00f3","link":"https:\/\/diariopolitico.com.br\/arquivo\/?cat=14"},"img":{"alt_text":"","src":"","width":0,"height":0},"classes":[]},{"id":8937,"url":"https:\/\/diariopolitico.com.br\/arquivo\/?p=8937","url_meta":{"origin":10802,"position":4},"title":"Vereador Lawrence \u00e9 reeleito presidente da C\u00e2mara de Mossor\u00f3","author":"Von\u00favio Praxedes","date":"7 07America\/Recife julho 07America\/Recife 2021","format":false,"excerpt":"O presidente da C\u00e2mara Municipal de Mossor\u00f3, Lawrence Amorim (SD), foi reeleito gestor da Casa, na ter\u00e7a-feira (6\/07), para o bi\u00eanio 2023\/2024. Com 21 votos a favor e 1 contr\u00e1rio, ele encabe\u00e7ou chapa \u00fanica, composta pelos vereadores R\u00e1erio Ara\u00fajo (1\u00ba vice-presidente); Gideon Isma\u00edas (2\u00ba vice-presidente); Markuty (1\u00ba secret\u00e1rio); Marleide Cunha\u2026","rel":"","context":"Em &quot;C\u00e2mara de Mossor\u00f3&quot;","block_context":{"text":"C\u00e2mara de Mossor\u00f3","link":"https:\/\/diariopolitico.com.br\/arquivo\/?cat=14"},"img":{"alt_text":"","src":"https:\/\/i0.wp.com\/diariopolitico.com.br\/wp-content\/uploads\/2021\/07\/WhatsApp-Image-2021-07-06-at-13.11.50-1024x683.jpeg?resize=350%2C200","width":350,"height":200,"srcset":"https:\/\/i0.wp.com\/diariopolitico.com.br\/wp-content\/uploads\/2021\/07\/WhatsApp-Image-2021-07-06-at-13.11.50-1024x683.jpeg?resize=350%2C200 1x, https:\/\/i0.wp.com\/diariopolitico.com.br\/wp-content\/uploads\/2021\/07\/WhatsApp-Image-2021-07-06-at-13.11.50-1024x683.jpeg?resize=525%2C300 1.5x, https:\/\/i0.wp.com\/diariopolitico.com.br\/wp-content\/uploads\/2021\/07\/WhatsApp-Image-2021-07-06-at-13.11.50-1024x683.jpeg?resize=700%2C400 2x"},"classes":[]},{"id":5229,"url":"https:\/\/diariopolitico.com.br\/arquivo\/?p=5229","url_meta":{"origin":10802,"position":5},"title":"Com sess\u00f5es online, vereadores de Mossor\u00f3 voltam as atividades legislativas","author":"Von\u00favio Praxedes","date":"14 14America\/Recife maio 14America\/Recife 2020","format":false,"excerpt":"Em sess\u00e3o remota ontem, quarta-feira (13\/05), a C\u00e2mara Municipal de Mossor\u00f3 analisou 115 mat\u00e9rias. No primeiro item da pauta, o Legislativo manteve o veto do Executivo sobre a idade da frota do transporte coletivo urbano por \u00f4nibus. Com o placar de 10 x 7, s\u00f3 circular\u00e3o em Mossor\u00f3 \u00f4nibus com\u2026","rel":"","context":"Em &quot;C\u00e2mara de Mossor\u00f3&quot;","block_context":{"text":"C\u00e2mara de Mossor\u00f3","link":"https:\/\/diariopolitico.com.br\/arquivo\/?cat=14"},"img":{"alt_text":"","src":"","width":0,"height":0},"classes":[]}],"_links":{"self":[{"href":"https:\/\/diariopolitico.com.br\/arquivo\/index.php?rest_route=\/wp\/v2\/posts\/10802","targetHints":{"allow":["GET"]}}],"collection":[{"href":"https:\/\/diariopolitico.com.br\/arquivo\/index.php?rest_route=\/wp\/v2\/posts"}],"about":[{"href":"https:\/\/diariopolitico.com.br\/arquivo\/index.php?rest_route=\/wp\/v2\/types\/post"}],"author":[{"embeddable":true,"href":"https:\/\/diariopolitico.com.br\/arquivo\/index.php?rest_route=\/wp\/v2\/users\/1"}],"replies":[{"embeddable":true,"href":"https:\/\/diariopolitico.com.br\/arquivo\/index.php?rest_route=%2Fwp%2Fv2%2Fcomments&post=10802"}],"version-history":[{"count":1,"href":"https:\/\/diariopolitico.com.br\/arquivo\/index.php?rest_route=\/wp\/v2\/posts\/10802\/revisions"}],"predecessor-version":[{"id":10804,"href":"https:\/\/diariopolitico.com.br\/arquivo\/index.php?rest_route=\/wp\/v2\/posts\/10802\/revisions\/10804"}],"wp:attachment":[{"href":"https:\/\/diariopolitico.com.br\/arquivo\/index.php?rest_route=%2Fwp%2Fv2%2Fmedia&parent=10802"}],"wp:term":[{"taxonomy":"category","embeddable":true,"href":"https:\/\/diariopolitico.com.br\/arquivo\/index.php?rest_route=%2Fwp%2Fv2%2Fcategories&post=10802"},{"taxonomy":"post_tag","embeddable":true,"href":"https:\/\/diariopolitico.com.br\/arquivo\/index.php?rest_route=%2Fwp%2Fv2%2Ftags&post=10802"}],"curies":[{"name":"wp","href":"https:\/\/api.w.org\/{rel}","templated":true}]}}